{"id":515,"date":"2022-03-02T11:12:18","date_gmt":"2022-03-02T10:12:18","guid":{"rendered":"https:\/\/www.espacefinance.com\/133881bdd\/?p=515"},"modified":"2022-05-04T12:46:26","modified_gmt":"2022-05-04T10:46:26","slug":"reduction-du-delai-de-droit-a-l-oubli-pour-faciliter-lacces-au-credit-pour-les-anciens-malades-du-cancer","status":"publish","type":"post","link":"https:\/\/www.espacefinance.com\/133881bdd\/reduction-du-delai-de-droit-a-l-oubli-pour-faciliter-lacces-au-credit-pour-les-anciens-malades-du-cancer\/","title":{"rendered":"R\u00e9duction du d\u00e9lai de droit \u00e0 l\u2019oubli pour faciliter l\u2019acc\u00e8s au cr\u00e9dit pour les anciens malades du cancer: loi lemoine"},"content":{"rendered":"\n<p>Le droit \u00e0 l\u2019oubli se traduit par l\u2019absence d\u2019obligation de d\u00e9clarer \u00e0 l\u2019assureur une pathologie. Actuellement, lorsque le cancer a \u00e9t\u00e9 diagnostiqu\u00e9 avant 21 ans, le droit \u00e0 l\u2019oubli s\u2019applique 5 ans \u00e0 compter de la fin du protocole th\u00e9rapeutique. Lorsque le cancer a \u00e9t\u00e9 diagnostiqu\u00e9 apr\u00e8s 21 ans, le droit \u00e0 l\u2019oubli s\u2019applique 10 ans \u00e0 compter de la fin du protocole th\u00e9rapeutique.<\/p>\n\n\n\n<p>Dor\u00e9navant, le droit \u00e0 l\u2019oubli sera fix\u00e9 \u00e0 5 ans pour tous les cancers et l\u2019h\u00e9patite C. Il n\u2019y aura plus de distinction selon l\u2019\u00e2ge auquel le cancer a \u00e9t\u00e9 diagnostiqu\u00e9. L\u2019\u00e2ge moyen du candidat pour un cr\u00e9dit immobilier \u00e9tant de 36 ans, la mesure b\u00e9n\u00e9ficiera donc aux personnes les plus concern\u00e9es par l\u2019achat d\u2019un bien immobilier.<\/p>\n\n\n\n<p>Cette mesure s\u2019appuie \u00e9galement sur le processus conventionnel AERAS (S\u2019Assurer et Emprunter avec un Risque Aggrav\u00e9 de Sant\u00e9). Elle confie aux signataires de la convention la charge de n\u00e9gocier une possible extension du droit \u00e0 l\u2019oubli pour des pathologies autres que canc\u00e9reuses, un acc\u00e8s \u00e9largi \u00e0 la grille de r\u00e9f\u00e9rence  pour plus de pathologies non canc\u00e9reuses et une hausse du plafond d\u2019emprunt (320 000 euros actuellement) pour acc\u00e9der \u00e0 l\u2019ensemble du dispositif AERAS.<\/p>\n\n\n\n<p>En outre, le texte adopt\u00e9 comporte une autre avanc\u00e9e significative en supprimant la transmission \u00e0 l\u2019assureur de toute information relative \u00e0 l\u2019\u00e9tat de sant\u00e9 de l\u2019assur\u00e9 ou d\u2019un examen de sant\u00e9 pour les pr\u00eats dont la part assur\u00e9e par personne est inf\u00e9rieure \u00e0 200 000 euros et dont l\u2019\u00e9ch\u00e9ance arrive avant le 60<sup>e<\/sup>&nbsp;anniversaire de l\u2019assur\u00e9. Cette suppression entrera en vigueur le 1<sup>er<\/sup>&nbsp;juin 2022.<\/p>\n\n\n\n<p><a href=\"https:\/\/www.vie-publique.fr\/loi\/282601-loi-28-fevrier-2022-lemoine-assurance-emprunteur-credit-immobilier\" target=\"_blank\" rel=\"noreferrer noopener\">en savoir plus&#8230;.<\/a><\/p>\n\n\n\n<div id=\"ren\u00e9gocier-assurance-emrpunteur\" class=\"wp-block-image\"><figure class=\"aligncenter size-full is-resized\"><img decoding=\"async\" src=\"https:\/\/www.espacefinance.com\/133881bdd\/wp-content\/uploads\/2022\/02\/cropped-ASSPRET6-CHANGER@.jpg\" alt=\"Loi Lemoine: renegociez votre assurance emprunteur \u00e0 tout moment.\n#assuranceemprunteur #loihamon #loibourquin\" class=\"wp-image-234\" width=\"546\" height=\"312\" title=\"ren\u00e9gociez votre assurance emprunteur\" srcset=\"https:\/\/www.espacefinance.com\/133881bdd\/wp-content\/uploads\/2022\/02\/cropped-ASSPRET6-CHANGER@.jpg 728w, https:\/\/www.espacefinance.com\/133881bdd\/wp-content\/uploads\/2022\/02\/cropped-ASSPRET6-CHANGER@-300x171.jpg 300w\" sizes=\"(max-width: 546px) 100vw, 546px\" \/><figcaption>R\u00e9forme d\u00e9lai droit \u00e0 l&rsquo;oubli<\/figcaption><\/figure><\/div>\n\n\n\n<blockquote class=\"wp-embedded-content\" data-secret=\"w9nQlb6CY5\"><a href=\"https:\/\/www.espacefinance.com\/133881bdd\/assurances-particuliers-professionnel-entreprise\/resiliation-assurance-emprunteur\/\">R\u00e9silier son Assurance Emprunteur<\/a><\/blockquote><iframe class=\"wp-embedded-content\" sandbox=\"allow-scripts\" security=\"restricted\" style=\"position: absolute; clip: rect(1px, 1px, 1px, 1px);\" title=\"\u00ab\u00a0R\u00e9silier son Assurance Emprunteur\u00a0\u00bb &#8212; Ymanci_N\u00eemes - Cr\u00e9dit Immobilier &amp; Assurances\" src=\"https:\/\/www.espacefinance.com\/133881bdd\/assurances-particuliers-professionnel-entreprise\/resiliation-assurance-emprunteur\/embed\/#?secret=otXUo5jZH0#?secret=w9nQlb6CY5\" data-secret=\"w9nQlb6CY5\" width=\"500\" height=\"282\" frameborder=\"0\" marginwidth=\"0\" marginheight=\"0\" scrolling=\"no\"><\/iframe>\n\n\n\n\n\n<hr class=\"wp-block-separator aligncenter\"\/>\n","protected":false},"excerpt":{"rendered":"<p>Le droit \u00e0 l\u2019oubli se traduit par l\u2019absence d\u2019obligation de d\u00e9clarer \u00e0 l\u2019assureur une pathologie. Actuellement, lorsque le cancer a \u00e9t\u00e9 diagnostiqu\u00e9 avant 21 ans, le droit \u00e0 l\u2019oubli s\u2019applique 5 ans \u00e0 compter de la fin du protocole th\u00e9rapeutique. Lorsque le cancer a \u00e9t\u00e9 diagnostiqu\u00e9 apr\u00e8s 21 ans, le droit \u00e0 l\u2019oubli s\u2019applique 10 ans \u00e0 compter de la fin du protocole th\u00e9rapeutique.<\/p>\n","protected":false},"author":1,"featured_media":234,"comment_status":"open","ping_status":"closed","sticky":false,"template":"","format":"standard","meta":{"footnotes":""},"categories":[4],"tags":[7],"class_list":["post-515","post","type-post","status-publish","format-standard","has-post-thumbnail","hentry","category-assurance-emprunteur","tag-assurance-emprunteur"],"yoast_head":"<!-- This site is optimized with the Yoast SEO Premium plugin v20.0 (Yoast SEO v27.5) - https:\/\/yoast.com\/product\/yoast-seo-premium-wordpress\/ -->\n<title>droit \u00e0 l oubli loi lemoine<\/title>\n<meta name=\"description\" content=\"R\u00e9duction du d\u00e9lai de droit \u00e0 l\u2019oubli pour faciliter l\u2019acc\u00e8s au cr\u00e9dit pour les anciens malades du cancer: loi lemoine %\" \/>\n<meta name=\"robots\" content=\"index, follow, max-snippet:-1, max-image-preview:large, max-video-preview:-1\" \/>\n<link rel=\"canonical\" href=\"https:\/\/www.espacefinance.com\/133881bdd\/?s=oubli\" \/>\n<meta property=\"og:locale\" content=\"fr_FR\" \/>\n<meta property=\"og:type\" content=\"article\" \/>\n<meta property=\"og:title\" content=\"R\u00e9duction du d\u00e9lai de droit \u00e0 l\u2019oubli pour faciliter l\u2019acc\u00e8s au cr\u00e9dit pour les anciens malades du cancer: loi lemoine\" \/>\n<meta property=\"og:description\" content=\"R\u00e9duction du d\u00e9lai de droit \u00e0 l\u2019oubli pour faciliter l\u2019acc\u00e8s au cr\u00e9dit pour les anciens malades du cancer: loi lemoine Dor\u00e9navant, le droit \u00e0 l\u2019oubli sera fix\u00e9 \u00e0 5 ans pour tous les cancers et l\u2019h\u00e9patite C. Il n\u2019y aura plus de distinction selon l\u2019\u00e2ge auquel le cancer a \u00e9t\u00e9 diagnostiqu\u00e9. L\u2019\u00e2ge moyen du candidat pour un cr\u00e9dit immobilier \u00e9tant de 36 ans, la mesure b\u00e9n\u00e9ficiera donc aux personnes les plus concern\u00e9es par l\u2019achat d\u2019un bien immobilier.\" \/>\n<meta property=\"og:url\" content=\"https:\/\/www.espacefinance.com\/133881bdd\/?s=oubli\" \/>\n<meta property=\"og:site_name\" content=\"N\u00eemes - Cr\u00e9dit Immobilier &amp; Assurances\" \/>\n<meta property=\"article:publisher\" content=\"https:\/\/www.facebook.com\/ymanci.credit.immobilier.assurance\" \/>\n<meta property=\"article:author\" content=\"https:\/\/www.facebook.com\/ymanci.credit.immobilier.assurance\" \/>\n<meta property=\"article:published_time\" content=\"2022-03-02T10:12:18+00:00\" \/>\n<meta property=\"article:modified_time\" content=\"2022-05-04T10:46:26+00:00\" \/>\n<meta property=\"og:image\" content=\"https:\/\/www.espacefinance.com\/133881bdd\/wp-content\/uploads\/2022\/02\/cropped-ASSPRET6-CHANGER@.jpg\" \/>\n\t<meta property=\"og:image:width\" content=\"728\" \/>\n\t<meta property=\"og:image:height\" content=\"416\" \/>\n\t<meta property=\"og:image:type\" content=\"image\/jpeg\" \/>\n<meta name=\"author\" content=\"admin0525\" \/>\n<meta name=\"twitter:card\" content=\"summary_large_image\" \/>\n<meta name=\"twitter:description\" content=\"N\u00eemes - Cr\u00e9dit Immobilier &amp; Assurances R\u00e9duction du d\u00e9lai de droit \u00e0 l\u2019oubli pour faciliter l\u2019acc\u00e8s au cr\u00e9dit pour les anciens malades du cancer: loi lemoine Assurance Emprunteur\" \/>\n<meta name=\"twitter:creator\" content=\"@https:\/\/twitter.com\/YMANCI_NIMES\" \/>\n<meta name=\"twitter:site\" content=\"@YMANCI_NIMES\" \/>\n<meta name=\"twitter:label1\" content=\"\u00c9crit par\" \/>\n\t<meta name=\"twitter:data1\" content=\"admin0525\" \/>\n\t<meta name=\"twitter:label2\" content=\"Dur\u00e9e de lecture estim\u00e9e\" \/>\n\t<meta name=\"twitter:data2\" content=\"2 minutes\" \/>\n<script type=\"application\/ld+json\" class=\"yoast-schema-graph\">{\"@context\":\"https:\\\/\\\/schema.org\",\"@graph\":[{\"@type\":\"Article\",\"@id\":\"https:\\\/\\\/www.espacefinance.com\\\/133881bdd\\\/?s=oubli#article\",\"isPartOf\":{\"@id\":\"https:\\\/\\\/www.espacefinance.com\\\/133881bdd\\\/reduction-du-delai-de-droit-a-l-oubli-pour-faciliter-lacces-au-credit-pour-les-anciens-malades-du-cancer\\\/\"},\"author\":{\"name\":\"admin0525\",\"@id\":\"https:\\\/\\\/www.espacefinance.com\\\/133881bdd\\\/#\\\/schema\\\/person\\\/738afd47cef28ce81cbfe952a2a21db4\"},\"headline\":\"R\u00e9duction du d\u00e9lai de droit \u00e0 l\u2019oubli pour faciliter l\u2019acc\u00e8s au cr\u00e9dit pour les anciens malades du cancer: loi lemoine\",\"datePublished\":\"2022-03-02T10:12:18+00:00\",\"dateModified\":\"2022-05-04T10:46:26+00:00\",\"mainEntityOfPage\":{\"@id\":\"https:\\\/\\\/www.espacefinance.com\\\/133881bdd\\\/reduction-du-delai-de-droit-a-l-oubli-pour-faciliter-lacces-au-credit-pour-les-anciens-malades-du-cancer\\\/\"},\"wordCount\":326,\"commentCount\":0,\"publisher\":{\"@id\":\"https:\\\/\\\/www.espacefinance.com\\\/133881bdd\\\/#organization\"},\"image\":{\"@id\":\"https:\\\/\\\/www.espacefinance.com\\\/133881bdd\\\/?s=oubli#primaryimage\"},\"thumbnailUrl\":\"https:\\\/\\\/www.espacefinance.com\\\/133881bdd\\\/wp-content\\\/uploads\\\/2022\\\/02\\\/cropped-ASSPRET6-CHANGER@.jpg\",\"keywords\":[\"Assurance Emprunteur\"],\"articleSection\":[\"Assurance Emprunteur\"],\"inLanguage\":\"fr-FR\",\"potentialAction\":[{\"@type\":\"CommentAction\",\"name\":\"Comment\",\"target\":[\"https:\\\/\\\/www.espacefinance.com\\\/133881bdd\\\/?s=oubli#respond\"]}]},{\"@type\":\"WebPage\",\"@id\":\"https:\\\/\\\/www.espacefinance.com\\\/133881bdd\\\/reduction-du-delai-de-droit-a-l-oubli-pour-faciliter-lacces-au-credit-pour-les-anciens-malades-du-cancer\\\/\",\"url\":\"https:\\\/\\\/www.espacefinance.com\\\/133881bdd\\\/?s=oubli\",\"name\":\"droit \u00e0 l oubli loi lemoine\",\"isPartOf\":{\"@id\":\"https:\\\/\\\/www.espacefinance.com\\\/133881bdd\\\/#website\"},\"primaryImageOfPage\":{\"@id\":\"https:\\\/\\\/www.espacefinance.com\\\/133881bdd\\\/?s=oubli#primaryimage\"},\"image\":{\"@id\":\"https:\\\/\\\/www.espacefinance.com\\\/133881bdd\\\/?s=oubli#primaryimage\"},\"thumbnailUrl\":\"https:\\\/\\\/www.espacefinance.com\\\/133881bdd\\\/wp-content\\\/uploads\\\/2022\\\/02\\\/cropped-ASSPRET6-CHANGER@.jpg\",\"datePublished\":\"2022-03-02T10:12:18+00:00\",\"dateModified\":\"2022-05-04T10:46:26+00:00\",\"description\":\"R\u00e9duction du d\u00e9lai de droit \u00e0 l\u2019oubli pour faciliter l\u2019acc\u00e8s au cr\u00e9dit pour les anciens malades du cancer: loi lemoine %\",\"breadcrumb\":{\"@id\":\"https:\\\/\\\/www.espacefinance.com\\\/133881bdd\\\/?s=oubli#breadcrumb\"},\"inLanguage\":\"fr-FR\",\"potentialAction\":[{\"@type\":\"ReadAction\",\"target\":[\"https:\\\/\\\/www.espacefinance.com\\\/133881bdd\\\/?s=oubli\"]}]},{\"@type\":\"ImageObject\",\"inLanguage\":\"fr-FR\",\"@id\":\"https:\\\/\\\/www.espacefinance.com\\\/133881bdd\\\/?s=oubli#primaryimage\",\"url\":\"https:\\\/\\\/www.espacefinance.com\\\/133881bdd\\\/wp-content\\\/uploads\\\/2022\\\/02\\\/cropped-ASSPRET6-CHANGER@.jpg\",\"contentUrl\":\"https:\\\/\\\/www.espacefinance.com\\\/133881bdd\\\/wp-content\\\/uploads\\\/2022\\\/02\\\/cropped-ASSPRET6-CHANGER@.jpg\",\"width\":728,\"height\":416,\"caption\":\"R\u00e9forme d\u00e9lai droit \u00e0 l'oubli\"},{\"@type\":\"BreadcrumbList\",\"@id\":\"https:\\\/\\\/www.espacefinance.com\\\/133881bdd\\\/?s=oubli#breadcrumb\",\"itemListElement\":[{\"@type\":\"ListItem\",\"position\":1,\"name\":\"Accueil\",\"item\":\"https:\\\/\\\/www.espacefinance.com\\\/133881bdd\\\/\"},{\"@type\":\"ListItem\",\"position\":2,\"name\":\"Assurance\",\"item\":\"https:\\\/\\\/www.espacefinance.com\\\/133881bdd\\\/category\\\/assurance\\\/\"},{\"@type\":\"ListItem\",\"position\":3,\"name\":\"Assurance Emprunteur\",\"item\":\"https:\\\/\\\/www.espacefinance.com\\\/133881bdd\\\/category\\\/assurance\\\/assurance-emprunteur\\\/\"},{\"@type\":\"ListItem\",\"position\":4,\"name\":\"droit \u00e0 l'oubli\"}]},{\"@type\":\"WebSite\",\"@id\":\"https:\\\/\\\/www.espacefinance.com\\\/133881bdd\\\/#website\",\"url\":\"https:\\\/\\\/www.espacefinance.com\\\/133881bdd\\\/\",\"name\":\"N\u00eemes - Cr\u00e9dit Immobilier &amp; Assurances\",\"description\":\"Notre expertise \u00e0 votre service en toute transparence\",\"publisher\":{\"@id\":\"https:\\\/\\\/www.espacefinance.com\\\/133881bdd\\\/#organization\"},\"potentialAction\":[{\"@type\":\"SearchAction\",\"target\":{\"@type\":\"EntryPoint\",\"urlTemplate\":\"https:\\\/\\\/www.espacefinance.com\\\/133881bdd\\\/?s={search_term_string}\"},\"query-input\":{\"@type\":\"PropertyValueSpecification\",\"valueRequired\":true,\"valueName\":\"search_term_string\"}}],\"inLanguage\":\"fr-FR\"},{\"@type\":\"Organization\",\"@id\":\"https:\\\/\\\/www.espacefinance.com\\\/133881bdd\\\/#organization\",\"name\":\"ESPACE FINANCE LP\",\"url\":\"https:\\\/\\\/www.espacefinance.com\\\/133881bdd\\\/\",\"logo\":{\"@type\":\"ImageObject\",\"inLanguage\":\"fr-FR\",\"@id\":\"https:\\\/\\\/www.espacefinance.com\\\/133881bdd\\\/#\\\/schema\\\/logo\\\/image\\\/\",\"url\":\"https:\\\/\\\/www.espacefinance.com\\\/133881bdd\\\/wp-content\\\/uploads\\\/2022\\\/03\\\/LOGO-ESFI-YMANCI-022022.jpg\",\"contentUrl\":\"https:\\\/\\\/www.espacefinance.com\\\/133881bdd\\\/wp-content\\\/uploads\\\/2022\\\/03\\\/LOGO-ESFI-YMANCI-022022.jpg\",\"width\":1273,\"height\":710,\"caption\":\"ESPACE FINANCE LP\"},\"image\":{\"@id\":\"https:\\\/\\\/www.espacefinance.com\\\/133881bdd\\\/#\\\/schema\\\/logo\\\/image\\\/\"},\"sameAs\":[\"https:\\\/\\\/www.facebook.com\\\/ymanci.credit.immobilier.assurance\",\"https:\\\/\\\/x.com\\\/YMANCI_NIMES\",\"https:\\\/\\\/www.instagram.com\\\/espacefinancelp_ymanci_nimes\\\/?hl=fr\",\"https:\\\/\\\/www.linkedin.com\\\/showcase\\\/ymanci-nmes\\\/\",\"https:\\\/\\\/www.youtube.com\\\/channel\\\/UC1PRm7p_QVdRMUaS_Hq6zwA\"]},{\"@type\":\"Person\",\"@id\":\"https:\\\/\\\/www.espacefinance.com\\\/133881bdd\\\/#\\\/schema\\\/person\\\/738afd47cef28ce81cbfe952a2a21db4\",\"name\":\"admin0525\",\"image\":{\"@type\":\"ImageObject\",\"inLanguage\":\"fr-FR\",\"@id\":\"https:\\\/\\\/secure.gravatar.com\\\/avatar\\\/d8f5226374785993c9ad76a5358ce297ecd3750f6464f95f731e8e31b36160e2?s=96&d=mm&r=g\",\"url\":\"https:\\\/\\\/secure.gravatar.com\\\/avatar\\\/d8f5226374785993c9ad76a5358ce297ecd3750f6464f95f731e8e31b36160e2?s=96&d=mm&r=g\",\"contentUrl\":\"https:\\\/\\\/secure.gravatar.com\\\/avatar\\\/d8f5226374785993c9ad76a5358ce297ecd3750f6464f95f731e8e31b36160e2?s=96&d=mm&r=g\",\"caption\":\"admin0525\"},\"sameAs\":[\"http:\\\/\\\/www.espacefinance.com\\\/133881bdd\",\"https:\\\/\\\/www.facebook.com\\\/ymanci.credit.immobilier.assurance\",\"https:\\\/\\\/www.instagram.com\\\/espacefinancelp_ymanci_nimes\\\/?hl=fr\",\"https:\\\/\\\/x.com\\\/https:\\\/\\\/twitter.com\\\/YMANCI_NIMES\"],\"knowsAbout\":[\"Cr\u00e9dit Immobilier\",\"Regroupement de Cr\u00e9dits\",\"Assurance Emprunteur\",\"Assurances du Particulier et du Professionnel\"],\"knowsLanguage\":[\"Fran\u00e7ais\"],\"jobTitle\":\"Courtier\",\"worksFor\":\"Espace Finance LP sas\",\"url\":\"https:\\\/\\\/www.espacefinance.com\\\/133881bdd\\\/author\\\/admin0525\\\/\"}]}<\/script>\n<!-- \/ Yoast SEO Premium plugin. -->","yoast_head_json":{"title":"droit \u00e0 l oubli loi lemoine","description":"R\u00e9duction du d\u00e9lai de droit \u00e0 l\u2019oubli pour faciliter l\u2019acc\u00e8s au cr\u00e9dit pour les anciens malades du cancer: loi lemoine %","robots":{"index":"index","follow":"follow","max-snippet":"max-snippet:-1","max-image-preview":"max-image-preview:large","max-video-preview":"max-video-preview:-1"},"canonical":"https:\/\/www.espacefinance.com\/133881bdd\/?s=oubli","og_locale":"fr_FR","og_type":"article","og_title":"R\u00e9duction du d\u00e9lai de droit \u00e0 l\u2019oubli pour faciliter l\u2019acc\u00e8s au cr\u00e9dit pour les anciens malades du cancer: loi lemoine","og_description":"R\u00e9duction du d\u00e9lai de droit \u00e0 l\u2019oubli pour faciliter l\u2019acc\u00e8s au cr\u00e9dit pour les anciens malades du cancer: loi lemoine Dor\u00e9navant, le droit \u00e0 l\u2019oubli sera fix\u00e9 \u00e0 5 ans pour tous les cancers et l\u2019h\u00e9patite C. Il n\u2019y aura plus de distinction selon l\u2019\u00e2ge auquel le cancer a \u00e9t\u00e9 diagnostiqu\u00e9. L\u2019\u00e2ge moyen du candidat pour un cr\u00e9dit immobilier \u00e9tant de 36 ans, la mesure b\u00e9n\u00e9ficiera donc aux personnes les plus concern\u00e9es par l\u2019achat d\u2019un bien immobilier.","og_url":"https:\/\/www.espacefinance.com\/133881bdd\/?s=oubli","og_site_name":"N\u00eemes - Cr\u00e9dit Immobilier &amp; Assurances","article_publisher":"https:\/\/www.facebook.com\/ymanci.credit.immobilier.assurance","article_author":"https:\/\/www.facebook.com\/ymanci.credit.immobilier.assurance","article_published_time":"2022-03-02T10:12:18+00:00","article_modified_time":"2022-05-04T10:46:26+00:00","og_image":[{"width":728,"height":416,"url":"https:\/\/www.espacefinance.com\/133881bdd\/wp-content\/uploads\/2022\/02\/cropped-ASSPRET6-CHANGER@.jpg","type":"image\/jpeg"}],"author":"admin0525","twitter_card":"summary_large_image","twitter_description":"N\u00eemes - Cr\u00e9dit Immobilier &amp; Assurances R\u00e9duction du d\u00e9lai de droit \u00e0 l\u2019oubli pour faciliter l\u2019acc\u00e8s au cr\u00e9dit pour les anciens malades du cancer: loi lemoine Assurance Emprunteur","twitter_creator":"@https:\/\/twitter.com\/YMANCI_NIMES","twitter_site":"@YMANCI_NIMES","twitter_misc":{"\u00c9crit par":"admin0525","Dur\u00e9e de lecture estim\u00e9e":"2 minutes"},"schema":{"@context":"https:\/\/schema.org","@graph":[{"@type":"Article","@id":"https:\/\/www.espacefinance.com\/133881bdd\/?s=oubli#article","isPartOf":{"@id":"https:\/\/www.espacefinance.com\/133881bdd\/reduction-du-delai-de-droit-a-l-oubli-pour-faciliter-lacces-au-credit-pour-les-anciens-malades-du-cancer\/"},"author":{"name":"admin0525","@id":"https:\/\/www.espacefinance.com\/133881bdd\/#\/schema\/person\/738afd47cef28ce81cbfe952a2a21db4"},"headline":"R\u00e9duction du d\u00e9lai de droit \u00e0 l\u2019oubli pour faciliter l\u2019acc\u00e8s au cr\u00e9dit pour les anciens malades du cancer: loi lemoine","datePublished":"2022-03-02T10:12:18+00:00","dateModified":"2022-05-04T10:46:26+00:00","mainEntityOfPage":{"@id":"https:\/\/www.espacefinance.com\/133881bdd\/reduction-du-delai-de-droit-a-l-oubli-pour-faciliter-lacces-au-credit-pour-les-anciens-malades-du-cancer\/"},"wordCount":326,"commentCount":0,"publisher":{"@id":"https:\/\/www.espacefinance.com\/133881bdd\/#organization"},"image":{"@id":"https:\/\/www.espacefinance.com\/133881bdd\/?s=oubli#primaryimage"},"thumbnailUrl":"https:\/\/www.espacefinance.com\/133881bdd\/wp-content\/uploads\/2022\/02\/cropped-ASSPRET6-CHANGER@.jpg","keywords":["Assurance Emprunteur"],"articleSection":["Assurance Emprunteur"],"inLanguage":"fr-FR","potentialAction":[{"@type":"CommentAction","name":"Comment","target":["https:\/\/www.espacefinance.com\/133881bdd\/?s=oubli#respond"]}]},{"@type":"WebPage","@id":"https:\/\/www.espacefinance.com\/133881bdd\/reduction-du-delai-de-droit-a-l-oubli-pour-faciliter-lacces-au-credit-pour-les-anciens-malades-du-cancer\/","url":"https:\/\/www.espacefinance.com\/133881bdd\/?s=oubli","name":"droit \u00e0 l oubli loi lemoine","isPartOf":{"@id":"https:\/\/www.espacefinance.com\/133881bdd\/#website"},"primaryImageOfPage":{"@id":"https:\/\/www.espacefinance.com\/133881bdd\/?s=oubli#primaryimage"},"image":{"@id":"https:\/\/www.espacefinance.com\/133881bdd\/?s=oubli#primaryimage"},"thumbnailUrl":"https:\/\/www.espacefinance.com\/133881bdd\/wp-content\/uploads\/2022\/02\/cropped-ASSPRET6-CHANGER@.jpg","datePublished":"2022-03-02T10:12:18+00:00","dateModified":"2022-05-04T10:46:26+00:00","description":"R\u00e9duction du d\u00e9lai de droit \u00e0 l\u2019oubli pour faciliter l\u2019acc\u00e8s au cr\u00e9dit pour les anciens malades du cancer: loi lemoine %","breadcrumb":{"@id":"https:\/\/www.espacefinance.com\/133881bdd\/?s=oubli#breadcrumb"},"inLanguage":"fr-FR","potentialAction":[{"@type":"ReadAction","target":["https:\/\/www.espacefinance.com\/133881bdd\/?s=oubli"]}]},{"@type":"ImageObject","inLanguage":"fr-FR","@id":"https:\/\/www.espacefinance.com\/133881bdd\/?s=oubli#primaryimage","url":"https:\/\/www.espacefinance.com\/133881bdd\/wp-content\/uploads\/2022\/02\/cropped-ASSPRET6-CHANGER@.jpg","contentUrl":"https:\/\/www.espacefinance.com\/133881bdd\/wp-content\/uploads\/2022\/02\/cropped-ASSPRET6-CHANGER@.jpg","width":728,"height":416,"caption":"R\u00e9forme d\u00e9lai droit \u00e0 l'oubli"},{"@type":"BreadcrumbList","@id":"https:\/\/www.espacefinance.com\/133881bdd\/?s=oubli#breadcrumb","itemListElement":[{"@type":"ListItem","position":1,"name":"Accueil","item":"https:\/\/www.espacefinance.com\/133881bdd\/"},{"@type":"ListItem","position":2,"name":"Assurance","item":"https:\/\/www.espacefinance.com\/133881bdd\/category\/assurance\/"},{"@type":"ListItem","position":3,"name":"Assurance Emprunteur","item":"https:\/\/www.espacefinance.com\/133881bdd\/category\/assurance\/assurance-emprunteur\/"},{"@type":"ListItem","position":4,"name":"droit \u00e0 l'oubli"}]},{"@type":"WebSite","@id":"https:\/\/www.espacefinance.com\/133881bdd\/#website","url":"https:\/\/www.espacefinance.com\/133881bdd\/","name":"N\u00eemes - Cr\u00e9dit Immobilier &amp; Assurances","description":"Notre expertise \u00e0 votre service en toute transparence","publisher":{"@id":"https:\/\/www.espacefinance.com\/133881bdd\/#organization"},"potentialAction":[{"@type":"SearchAction","target":{"@type":"EntryPoint","urlTemplate":"https:\/\/www.espacefinance.com\/133881bdd\/?s={search_term_string}"},"query-input":{"@type":"PropertyValueSpecification","valueRequired":true,"valueName":"search_term_string"}}],"inLanguage":"fr-FR"},{"@type":"Organization","@id":"https:\/\/www.espacefinance.com\/133881bdd\/#organization","name":"ESPACE FINANCE LP","url":"https:\/\/www.espacefinance.com\/133881bdd\/","logo":{"@type":"ImageObject","inLanguage":"fr-FR","@id":"https:\/\/www.espacefinance.com\/133881bdd\/#\/schema\/logo\/image\/","url":"https:\/\/www.espacefinance.com\/133881bdd\/wp-content\/uploads\/2022\/03\/LOGO-ESFI-YMANCI-022022.jpg","contentUrl":"https:\/\/www.espacefinance.com\/133881bdd\/wp-content\/uploads\/2022\/03\/LOGO-ESFI-YMANCI-022022.jpg","width":1273,"height":710,"caption":"ESPACE FINANCE LP"},"image":{"@id":"https:\/\/www.espacefinance.com\/133881bdd\/#\/schema\/logo\/image\/"},"sameAs":["https:\/\/www.facebook.com\/ymanci.credit.immobilier.assurance","https:\/\/x.com\/YMANCI_NIMES","https:\/\/www.instagram.com\/espacefinancelp_ymanci_nimes\/?hl=fr","https:\/\/www.linkedin.com\/showcase\/ymanci-nmes\/","https:\/\/www.youtube.com\/channel\/UC1PRm7p_QVdRMUaS_Hq6zwA"]},{"@type":"Person","@id":"https:\/\/www.espacefinance.com\/133881bdd\/#\/schema\/person\/738afd47cef28ce81cbfe952a2a21db4","name":"admin0525","image":{"@type":"ImageObject","inLanguage":"fr-FR","@id":"https:\/\/secure.gravatar.com\/avatar\/d8f5226374785993c9ad76a5358ce297ecd3750f6464f95f731e8e31b36160e2?s=96&d=mm&r=g","url":"https:\/\/secure.gravatar.com\/avatar\/d8f5226374785993c9ad76a5358ce297ecd3750f6464f95f731e8e31b36160e2?s=96&d=mm&r=g","contentUrl":"https:\/\/secure.gravatar.com\/avatar\/d8f5226374785993c9ad76a5358ce297ecd3750f6464f95f731e8e31b36160e2?s=96&d=mm&r=g","caption":"admin0525"},"sameAs":["http:\/\/www.espacefinance.com\/133881bdd","https:\/\/www.facebook.com\/ymanci.credit.immobilier.assurance","https:\/\/www.instagram.com\/espacefinancelp_ymanci_nimes\/?hl=fr","https:\/\/x.com\/https:\/\/twitter.com\/YMANCI_NIMES"],"knowsAbout":["Cr\u00e9dit Immobilier","Regroupement de Cr\u00e9dits","Assurance Emprunteur","Assurances du Particulier et du Professionnel"],"knowsLanguage":["Fran\u00e7ais"],"jobTitle":"Courtier","worksFor":"Espace Finance LP sas","url":"https:\/\/www.espacefinance.com\/133881bdd\/author\/admin0525\/"}]}},"_links":{"self":[{"href":"https:\/\/www.espacefinance.com\/133881bdd\/wp-json\/wp\/v2\/posts\/515","targetHints":{"allow":["GET"]}}],"collection":[{"href":"https:\/\/www.espacefinance.com\/133881bdd\/wp-json\/wp\/v2\/posts"}],"about":[{"href":"https:\/\/www.espacefinance.com\/133881bdd\/wp-json\/wp\/v2\/types\/post"}],"author":[{"embeddable":true,"href":"https:\/\/www.espacefinance.com\/133881bdd\/wp-json\/wp\/v2\/users\/1"}],"replies":[{"embeddable":true,"href":"https:\/\/www.espacefinance.com\/133881bdd\/wp-json\/wp\/v2\/comments?post=515"}],"version-history":[{"count":0,"href":"https:\/\/www.espacefinance.com\/133881bdd\/wp-json\/wp\/v2\/posts\/515\/revisions"}],"wp:featuredmedia":[{"embeddable":true,"href":"https:\/\/www.espacefinance.com\/133881bdd\/wp-json\/wp\/v2\/media\/234"}],"wp:attachment":[{"href":"https:\/\/www.espacefinance.com\/133881bdd\/wp-json\/wp\/v2\/media?parent=515"}],"wp:term":[{"taxonomy":"category","embeddable":true,"href":"https:\/\/www.espacefinance.com\/133881bdd\/wp-json\/wp\/v2\/categories?post=515"},{"taxonomy":"post_tag","embeddable":true,"href":"https:\/\/www.espacefinance.com\/133881bdd\/wp-json\/wp\/v2\/tags?post=515"}],"curies":[{"name":"wp","href":"https:\/\/api.w.org\/{rel}","templated":true}]}}