{"id":2400,"date":"2022-04-19T13:58:12","date_gmt":"2022-04-19T11:58:12","guid":{"rendered":"https:\/\/www.espacefinance.com\/133881bdd\/?p=2400"},"modified":"2022-05-04T12:51:45","modified_gmt":"2022-05-04T10:51:45","slug":"maprimerenov-la-prime-pour-la-renovation-energetique","status":"publish","type":"post","link":"https:\/\/www.espacefinance.com\/133881bdd\/maprimerenov-la-prime-pour-la-renovation-energetique\/","title":{"rendered":"MaPrimeR\u00e9nov&rsquo; : la prime pour la r\u00e9novation \u00e9nerg\u00e9tique"},"content":{"rendered":"\n<h2 class=\"wp-block-heading\" id=\"h-maprimerenov-la-prime-pour-la-renovation-energetique\">MaPrimeR\u00e9nov&rsquo; : la prime pour la r\u00e9novation \u00e9nerg\u00e9tique<\/h2>\n\n\n\n<figure class=\"wp-block-image size-full\" id=\"primerenov\"><img decoding=\"async\" width=\"440\" height=\"140\" src=\"https:\/\/www.espacefinance.com\/133881bdd\/wp-content\/uploads\/2022\/04\/ECOENERGIES.jpg\" alt=\"maprimrenov\n\" class=\"wp-image-2401\" srcset=\"https:\/\/www.espacefinance.com\/133881bdd\/wp-content\/uploads\/2022\/04\/ECOENERGIES.jpg 440w, https:\/\/www.espacefinance.com\/133881bdd\/wp-content\/uploads\/2022\/04\/ECOENERGIES-300x95.jpg 300w\" sizes=\"(max-width: 440px) 100vw, 440px\" \/><figcaption>MaPrimR\u00e9nov&rsquo;<\/figcaption><\/figure>\n\n\n\n<p>Par&nbsp;<a href=\"https:\/\/economie.gouv.fr\/entreprises\/bercy-infos-qui-sommes-nous\" target=\"_blank\" rel=\"noreferrer noopener\">Bercy Infos<\/a>, le 13\/04\/2022 &#8211;&nbsp;<a href=\"https:\/\/www.economie.gouv.fr\/toutes-les-actualites-vous-orienter\/thematique\/aides-et-credits-d-impot-7087\">Aides et cr\u00e9dits d&rsquo;imp\u00f4t<\/a><\/p>\n\n\n\n<p>Besoin d&rsquo;am\u00e9liorer le confort de votre logement en isolant vos murs par l&rsquo;ext\u00e9rieur ou en installant un chauffe-eau solaire ? Connaissez-vous MaPrimeR\u00e9nov&rsquo; ? Cette aide de l&rsquo;\u00c9tat pour la r\u00e9novation \u00e9nerg\u00e9tique est accessible \u00e0 tous les propri\u00e9taires, qu&rsquo;ils habitent dans leur logement ou le proposent \u00e0 la location. Pouvez-vous en b\u00e9n\u00e9ficier ? Quel est son montant ? On vous explique.<\/p>\n\n\n\n<p><strong>Remplacement d&rsquo;une chaudi\u00e8re au gaz ou au fioul : une aide major\u00e9e \u00e0 partir du 15 avril 2022<\/strong>.<\/p>\n\n\n\n<p>Ainsi, dans le cadre du&nbsp;<strong><a href=\"https:\/\/www.economie.gouv.fr\/plan-resilience-economique-sociale-gouvernement\">plan de r\u00e9silience<\/a><\/strong>, destin\u00e9 \u00e0 faire face aux cons\u00e9quences de la guerre en Ukraine sur la situation des Fran\u00e7ais,&nbsp;<strong>le dispositif MaPrimeR\u00e9nov&rsquo; est renforc\u00e9<\/strong>.&nbsp;<\/p>\n\n\n\n<p>Pour encourager le recours aux \u00e9nergies renouvelables et r\u00e9duire la d\u00e9pendance des m\u00e9nages au gaz et au fioul,&nbsp;<strong>les forfaits MaPrimeR\u00e9nov&rsquo; destin\u00e9s \u00e0 l&rsquo;installation de certains \u00e9quipements de chauffage peuvent \u00eatre major\u00e9s de 1 000 \u20ac&nbsp;<\/strong>pour les m\u00e9nages \u00e9ligibles,&nbsp;<strong>du 15 avril au 31 d\u00e9cembre 2022<\/strong>.&nbsp;Cette majoration de 1 000 \u20ac concerne l&rsquo;installation des \u00e9quipements suivants :<\/p>\n\n\n\n<ul class=\"wp-block-list\"><li><strong>chaudi\u00e8re \u00e0 alimentation manuelle ou automatique fonctionnant au bois ou autre biomasse<\/strong><\/li><li><strong>\u00e9quipement de production de chauffage fonctionnant \u00e0 l&rsquo;\u00e9nergie solaire thermique<\/strong><\/li><li><strong>pompe \u00e0 chaleur g\u00e9othermique ou solarothermique<\/strong><\/li><li><strong>pompe \u00e0 chaleur air\/eau<\/strong>.<\/li><\/ul>\n\n\n\n<h2 class=\"wp-block-heading\">MaPrimeR\u00e9nov&rsquo; : qu\u2019est-ce que c\u2019est&nbsp;?<\/h2>\n\n\n\n<p>Lanc\u00e9e le 1<sup>er<\/sup>&nbsp;janvier 2020, MaPrimeR\u00e9nov&rsquo; remplace le&nbsp;<a href=\"https:\/\/www.economie.gouv.fr\/particuliers\/credit-impot-transition-energetique-cite\">cr\u00e9dit d\u2019imp\u00f4t pour la transition \u00e9nerg\u00e9tique (CITE)<\/a>&nbsp;et les aides de l\u2019<a href=\"https:\/\/www.anah.fr\/\" target=\"_blank\" rel=\"noreferrer noopener\">Agence nationale de l\u2019Habitat (Anah)<\/a>&nbsp;\u00ab&nbsp;Habiter mieux agilit\u00e9&nbsp;\u00bb et \u00abHabiter mieux s\u00e9r\u00e9nit\u00e9\u00bb.<\/p>\n\n\n\n<p>Dans le cadre du&nbsp;<strong><a href=\"https:\/\/www.economie.gouv.fr\/plan-de-relance\">Plan de relance<\/a><\/strong>, le&nbsp;<strong>dispositif est renforc\u00e9 depuis le 1<sup>er<\/sup>&nbsp;octobre 2020<\/strong>.<\/p>\n\n\n\n<p>MaPrimeR\u00e9nov&rsquo; est&nbsp;<strong>accessible \u00e0 tous les propri\u00e9taires et \u00e0 toutes les copropri\u00e9t\u00e9s de logement construit depuis au moins 15 ans<\/strong>.<\/p>\n\n\n\n<p>Si la demande a comme objectif de financer le&nbsp;<strong>remplacement d&rsquo;une chaudi\u00e8re au fioul par un nouvel \u00e9quipement de chauffage ou de fourniture d&rsquo;eau chaude sanitaire<\/strong>, les&nbsp;<strong>logements construits depuis au moins deux ans&nbsp;<\/strong>peuvent b\u00e9n\u00e9ficier de MaPrimeRenov<strong>&lsquo;<\/strong>.<\/p>\n\n\n\n<p>Il y a plusieurs bonifications \u00e9galement mises en place :<\/p>\n\n\n\n<ul class=\"wp-block-list\"><li>un&nbsp;<strong>bonus sortie de passoire<\/strong>&nbsp;(lorsque les travaux permettent de sortir le logement de l\u2019\u00e9tat de passoire thermique &#8211; \u00e9tiquette \u00e9nergie F ou G)<\/li><li>un&nbsp;<strong>bonus b\u00e2timent basse consommation&nbsp;<\/strong>(pour r\u00e9compenser l\u2019atteinte de l\u2019\u00e9tiquette \u00e9nergie B ou A)<\/li><li>un&nbsp;<strong>forfait r\u00e9novation globale<\/strong>&nbsp;(pour les m\u00e9nages aux revenus interm\u00e9diaires et sup\u00e9rieurs afin d\u2019encourager les bouquets de travaux)<\/li><li>un&nbsp;<strong>forfait assistance \u00e0 ma\u00eetrise d&rsquo;ouvrage<\/strong>&nbsp;(pour les m\u00e9nages souhaitant se faire accompagner dans la r\u00e9alisation de leurs travaux).<\/li><\/ul>\n\n\n\n<h2 class=\"wp-block-heading\">MaPrimeR\u00e9nov&rsquo; : qui peut en b\u00e9n\u00e9ficier&nbsp;?<\/h2>\n\n\n\n<p><sup>&nbsp;<\/sup>MaPrimeR\u00e9nov&rsquo; est ouverte \u00e0&nbsp;<strong>l&rsquo;ensemble des propri\u00e9taires<\/strong>, quels que soient leurs revenus, qu&rsquo;ils occupent le logement \u00e0 r\u00e9nover ou le louent.<\/p>\n\n\n\n<p>Le logement doit \u00eatre construit depuis au moins 15 ans ou depuis au moins deux ans lors du remplacement d&rsquo;une chaudi\u00e8re au fioul.<\/p>\n\n\n\n<p>Si vous souhaitez b\u00e9n\u00e9ficier de MaPrimeR\u00e9nov&rsquo; en tant que propri\u00e9taire bailleur vous vous engagez :<\/p>\n\n\n\n<ul class=\"wp-block-list\"><li>\u00e0<strong>&nbsp;louer votre logement en tant que r\u00e9sidence principale pour une dur\u00e9e \u00e9gale ou sup\u00e9rieure \u00e0 cinq ans<\/strong>&nbsp;(dur\u00e9e calcul\u00e9e \u00e0 compter du jour du versement de la prime \u00e0 la r\u00e9novation)<\/li><li>\u00e0&nbsp;<strong>informer le locataire de la r\u00e9alisation de travaux financ\u00e9s par la prime<\/strong><\/li><li>en cas de r\u00e9\u00e9valuation du loyer, \u00e0&nbsp;<strong>d\u00e9duire le montant de la prime du montant total des travaux justifiant cette r\u00e9\u00e9valuation<\/strong>&nbsp;et en&nbsp;<strong>informer votre locataire<\/strong>.<\/li><\/ul>\n\n\n\n<p>MaPrimeR\u00e9nov&rsquo; est&nbsp;<strong>aussi accessible aux copropri\u00e9t\u00e9s<\/strong>&nbsp;pour les travaux dans les parties communes.<\/p>\n\n\n\n<h2 class=\"wp-block-heading\">MaPrimeR\u00e9nov&rsquo; : pour quels montants et quels travaux ?<\/h2>\n\n\n\n<p>MaPrimeR\u00e9nov&rsquo; permet de financer les travaux d\u2019isolation, de chauffage, de ventilation ou d\u2019audit \u00e9nerg\u00e9tique d\u2019une maison individuelle ou d\u2019un appartement en habitat collectif. Les travaux doivent avoir \u00e9t\u00e9 effectu\u00e9s par des&nbsp;<a href=\"https:\/\/www.faire.gouv.fr\/trouvez-un-professionnel\" target=\"_blank\" rel=\"noreferrer noopener\">entreprises labellis\u00e9es RGE (reconnues garantes pour l\u2019environnement)<\/a>.<\/p>\n\n\n\n<p>Le montant de la prime est forfaitaire et est calcul\u00e9 en fonction des revenus du foyer et du gain \u00e9cologique permis par les travaux.<\/p>\n\n\n\n<p>D\u00e8s lors, les plafonds de ressources ont \u00e9t\u00e9 cat\u00e9goris\u00e9s en quatre profils\/couleurs selon les diff\u00e9rents niveaux de revenus (des m\u00e9nages les plus modestes aux m\u00e9nages les plus ais\u00e9s) :<\/p>\n\n\n\n<ul class=\"wp-block-list\"><li><strong>MaPrimeR\u00e9nov\u2019Bleu<\/strong><\/li><li><strong>MaPrimeR\u00e9nov\u2019Jaune<\/strong><\/li><li><strong>MaPrimeR\u00e9nov\u2019Violet<\/strong><\/li><li><strong>MaPrimeR\u00e9nov\u2019Rose<\/strong>.<\/li><\/ul>\n\n\n\n<p>Un cinqui\u00e8me profil MaPrimeR\u00e9nov\u2019Copropri\u00e9t\u00e9 a \u00e9t\u00e9 \u00e9tabli pour fixer les bar\u00e8mes de MaPrimeR\u00e9nov\u2019 lorsque les travaux sont r\u00e9alis\u00e9s par les copropri\u00e9t\u00e9s.<\/p>\n\n\n\n<p>Pour chaque profil, correspond un montant de prime en fonction de la nature des travaux engag\u00e9s. Un&nbsp;<strong>simulateur&nbsp;Simul&rsquo;Aid\u20acs&nbsp;<\/strong>vous permet de savoir \u00e0 quel profil vous appartenez et \u00e0 quel niveau d&rsquo;aide vous avez droit.<\/p>\n\n\n\n<p>Cette simulation n\u00e9cessitera de&nbsp;<strong>d\u00e9crire votre projet de travaux<\/strong>&nbsp;et&nbsp;<strong>votre situation personnelle<\/strong>.<\/p>\n\n\n\n<p><a href=\"https:\/\/www.faire.fr\/aides-de-financement\/simulaides\" target=\"_blank\" rel=\"noreferrer noopener\">Acc\u00e9dez au simulateur Simul&rsquo;Aid\u20acs<\/a><\/p>\n\n\n\n<h2 class=\"wp-block-heading\">MaPrimeR\u00e9nov&rsquo; : comment en b\u00e9n\u00e9ficier&nbsp;?<\/h2>\n\n\n\n<p>Les travaux ayant fait l&rsquo;objet de devis et commenc\u00e9s&nbsp;<strong>depuis le 1<sup>er<\/sup>&nbsp;octobre 2020<\/strong>&nbsp;sont \u00e9ligibles aux nouvelles modalit\u00e9s de l&rsquo;aide.<\/p>\n\n\n\n<p><strong>Les dossiers de demande d&rsquo;aide MaPrimeR\u00e9nov&rsquo; peuvent \u00eatre d\u00e9pos\u00e9s sur le site<\/strong>&nbsp;<strong><a href=\"https:\/\/www.maprimerenov.gouv.fr\/prweb\/PRAuth\/BPNVwCpLW8TKW49zoQZpAw%5B%5B*\/!STANDARD\" target=\"_blank\" rel=\"noreferrer noopener\">www.maprimerenov.gouv.fr<\/a><\/strong>.<\/p>\n\n\n\n<p>Mais attention, il est n\u00e9cessaire de bien v\u00e9rifier l\u2019\u00e9ligibilit\u00e9 des travaux pr\u00e9vus et le montant de l&rsquo;aide \u00e0 laquelle vous pouvez pr\u00e9tendre selon votre profil.<\/p>\n\n\n\n<p>Vous pouvez utiliser le&nbsp;<strong><a href=\"https:\/\/www.faire.fr\/aides-de-financement\/simulaides\" target=\"_blank\" rel=\"noreferrer noopener\">simulateur Simul&rsquo;Aid\u20acs<\/a><\/strong>&nbsp;pour v\u00e9rifier votre profil.<\/p>\n\n\n\n<h2 class=\"wp-block-heading\">MaPrimeR\u00e9nov&rsquo; : est-elle cumulable&nbsp;?<\/h2>\n\n\n\n<p><strong>Oui.<\/strong>&nbsp;Ma primeR\u00e9nov&rsquo; est cumulable avec d\u2019autres aides \u00e0 la r\u00e9novation \u00e9nerg\u00e9tique comme les&nbsp;<a href=\"https:\/\/www.ecologique-solidaire.gouv.fr\/dispositif-des-certificats-deconomies-denergie\" target=\"_blank\" rel=\"noreferrer noopener\">Certificats d\u2019\u00e9conomie d\u2019\u00e9nergie (CEE)<\/a>, ou encore les aides des collectivit\u00e9s locales ou celles d&rsquo;Action logement. Par ailleurs, vos travaux b\u00e9n\u00e9ficient d&rsquo;un taux r\u00e9duit de&nbsp;<a href=\"https:\/\/www.economie.gouv.fr\/particuliers\/tva-taux-reduits-travaux\">TVA \u00e0 5,5 %<\/a>.<\/p>\n\n\n\n<p class=\"has-colibri-color-5-color has-text-color has-background has-medium-font-size\" id=\"prime-renov\" style=\"background-color:#18c1f0\"><a href=\"https:\/\/www.espacefinance.com\/133881bdd\/ma-prime-renov-economies-energies\/\" target=\"_blank\" rel=\"noreferrer noopener\"><strong><em>En savoir plus sur les solutions de financement de vos travaux d&rsquo;\u00e9conomie d&rsquo;\u00e9nergies<\/em><\/strong><\/a><\/p>\n","protected":false},"excerpt":{"rendered":"<p>MaPrimeR\u00e9nov&rsquo; est\u00a0accessible \u00e0 tous les propri\u00e9taires et \u00e0 toutes les copropri\u00e9t\u00e9s de logement construit depuis au moins 15 ans.<br \/>\nBesoin d&rsquo;am\u00e9liorer le confort de votre logement en isolant vos murs par l&rsquo;ext\u00e9rieur ou en installant un chauffe-eau solaire ? Connaissez-vous MaPrimeR\u00e9nov&rsquo; ? Cette aide de l&rsquo;\u00c9tat pour la r\u00e9novation \u00e9nerg\u00e9tique est accessible \u00e0 tous les propri\u00e9taires, qu&rsquo;ils habitent dans leur logement ou le proposent \u00e0 la location. Pouvez-vous en b\u00e9n\u00e9ficier ? Quel est son montant ? On vous explique.<\/p>\n","protected":false},"author":1,"featured_media":2401,"comment_status":"closed","ping_status":"closed","sticky":false,"template":"","format":"standard","meta":{"footnotes":""},"categories":[6,9],"tags":[],"class_list":["post-2400","post","type-post","status-publish","format-standard","has-post-thumbnail","hentry","category-credit-immobilier","category-travaux"],"yoast_head":"<!-- This site is optimized with the Yoast SEO Premium plugin v20.0 (Yoast SEO v27.5) - https:\/\/yoast.com\/product\/yoast-seo-premium-wordpress\/ -->\n<title>MaPrimeR\u00e9nov&#039; : la prime pour la r\u00e9novation \u00e9nerg\u00e9tique -<\/title>\n<meta name=\"description\" content=\"MaPrimeR\u00e9nov&#039; : la prime pour la r\u00e9novation \u00e9nerg\u00e9tique MaPrimeR\u00e9nov&#039; : la prime pour la r\u00e9novation \u00e9nerg\u00e9tique\" \/>\n<meta name=\"robots\" content=\"index, follow, max-snippet:-1, max-image-preview:large, max-video-preview:-1\" \/>\n<link rel=\"canonical\" href=\"https:\/\/www.espacefinance.com\/133881bdd\/?p=2400\" \/>\n<meta property=\"og:locale\" content=\"fr_FR\" \/>\n<meta property=\"og:type\" content=\"article\" \/>\n<meta property=\"og:title\" content=\"MaPrimeR\u00e9nov&#039; : la prime pour la r\u00e9novation \u00e9nerg\u00e9tique\" \/>\n<meta property=\"og:description\" content=\"N\u00eemes - Cr\u00e9dit Immobilier &amp; Assurances MaPrimeR\u00e9nov&#039; : la prime pour la r\u00e9novation \u00e9nerg\u00e9tique Cr\u00e9dit Immobilier MaPrimeR\u00e9nov&#039; est\u00a0accessible \u00e0 tous les propri\u00e9taires et \u00e0 toutes les copropri\u00e9t\u00e9s de logement construit depuis au moins 15 ans.\" \/>\n<meta property=\"og:url\" content=\"https:\/\/www.espacefinance.com\/133881bdd\/?p=2400\" \/>\n<meta property=\"og:site_name\" content=\"N\u00eemes - Cr\u00e9dit Immobilier &amp; Assurances\" \/>\n<meta property=\"article:publisher\" content=\"https:\/\/www.facebook.com\/ymanci.credit.immobilier.assurance\" \/>\n<meta property=\"article:author\" content=\"https:\/\/www.facebook.com\/ymanci.credit.immobilier.assurance\" \/>\n<meta property=\"article:published_time\" content=\"2022-04-19T11:58:12+00:00\" \/>\n<meta property=\"article:modified_time\" content=\"2022-05-04T10:51:45+00:00\" \/>\n<meta property=\"og:image\" content=\"https:\/\/www.espacefinance.com\/133881bdd\/wp-content\/uploads\/2022\/04\/ECOENERGIES.jpg\" \/>\n\t<meta property=\"og:image:width\" content=\"440\" \/>\n\t<meta property=\"og:image:height\" content=\"140\" \/>\n\t<meta property=\"og:image:type\" content=\"image\/jpeg\" \/>\n<meta name=\"author\" content=\"admin0525\" \/>\n<meta name=\"twitter:card\" content=\"summary_large_image\" \/>\n<meta name=\"twitter:description\" content=\"N\u00eemes - Cr\u00e9dit Immobilier &amp; Assurances MaPrimeR\u00e9nov&#039; : la prime pour la r\u00e9novation \u00e9nerg\u00e9tique Cr\u00e9dit Immobilier\" \/>\n<meta name=\"twitter:creator\" content=\"@https:\/\/twitter.com\/YMANCI_NIMES\" \/>\n<meta name=\"twitter:site\" content=\"@YMANCI_NIMES\" \/>\n<meta name=\"twitter:label1\" content=\"\u00c9crit par\" \/>\n\t<meta name=\"twitter:data1\" content=\"admin0525\" \/>\n\t<meta name=\"twitter:label2\" content=\"Dur\u00e9e de lecture estim\u00e9e\" \/>\n\t<meta name=\"twitter:data2\" content=\"5 minutes\" \/>\n<script type=\"application\/ld+json\" class=\"yoast-schema-graph\">{\"@context\":\"https:\\\/\\\/schema.org\",\"@graph\":[{\"@type\":\"Article\",\"@id\":\"https:\\\/\\\/www.espacefinance.com\\\/133881bdd\\\/?p=2400#article\",\"isPartOf\":{\"@id\":\"https:\\\/\\\/www.espacefinance.com\\\/133881bdd\\\/maprimerenov-la-prime-pour-la-renovation-energetique\\\/\"},\"author\":{\"name\":\"admin0525\",\"@id\":\"https:\\\/\\\/www.espacefinance.com\\\/133881bdd\\\/#\\\/schema\\\/person\\\/738afd47cef28ce81cbfe952a2a21db4\"},\"headline\":\"MaPrimeR\u00e9nov&rsquo; : la prime pour la r\u00e9novation \u00e9nerg\u00e9tique\",\"datePublished\":\"2022-04-19T11:58:12+00:00\",\"dateModified\":\"2022-05-04T10:51:45+00:00\",\"mainEntityOfPage\":{\"@id\":\"https:\\\/\\\/www.espacefinance.com\\\/133881bdd\\\/maprimerenov-la-prime-pour-la-renovation-energetique\\\/\"},\"wordCount\":1069,\"publisher\":{\"@id\":\"https:\\\/\\\/www.espacefinance.com\\\/133881bdd\\\/#organization\"},\"image\":{\"@id\":\"https:\\\/\\\/www.espacefinance.com\\\/133881bdd\\\/?p=2400#primaryimage\"},\"thumbnailUrl\":\"https:\\\/\\\/www.espacefinance.com\\\/133881bdd\\\/wp-content\\\/uploads\\\/2022\\\/04\\\/ECOENERGIES.jpg\",\"articleSection\":[\"Cr\u00e9dit Immobilier\",\"Travaux\"],\"inLanguage\":\"fr-FR\"},{\"@type\":\"WebPage\",\"@id\":\"https:\\\/\\\/www.espacefinance.com\\\/133881bdd\\\/maprimerenov-la-prime-pour-la-renovation-energetique\\\/\",\"url\":\"https:\\\/\\\/www.espacefinance.com\\\/133881bdd\\\/?p=2400\",\"name\":\"MaPrimeR\u00e9nov' : la prime pour la r\u00e9novation \u00e9nerg\u00e9tique -\",\"isPartOf\":{\"@id\":\"https:\\\/\\\/www.espacefinance.com\\\/133881bdd\\\/#website\"},\"primaryImageOfPage\":{\"@id\":\"https:\\\/\\\/www.espacefinance.com\\\/133881bdd\\\/?p=2400#primaryimage\"},\"image\":{\"@id\":\"https:\\\/\\\/www.espacefinance.com\\\/133881bdd\\\/?p=2400#primaryimage\"},\"thumbnailUrl\":\"https:\\\/\\\/www.espacefinance.com\\\/133881bdd\\\/wp-content\\\/uploads\\\/2022\\\/04\\\/ECOENERGIES.jpg\",\"datePublished\":\"2022-04-19T11:58:12+00:00\",\"dateModified\":\"2022-05-04T10:51:45+00:00\",\"description\":\"MaPrimeR\u00e9nov' : la prime pour la r\u00e9novation \u00e9nerg\u00e9tique MaPrimeR\u00e9nov' : la prime pour la r\u00e9novation \u00e9nerg\u00e9tique\",\"breadcrumb\":{\"@id\":\"https:\\\/\\\/www.espacefinance.com\\\/133881bdd\\\/?p=2400#breadcrumb\"},\"inLanguage\":\"fr-FR\",\"potentialAction\":[{\"@type\":\"ReadAction\",\"target\":[\"https:\\\/\\\/www.espacefinance.com\\\/133881bdd\\\/?p=2400\"]}]},{\"@type\":\"ImageObject\",\"inLanguage\":\"fr-FR\",\"@id\":\"https:\\\/\\\/www.espacefinance.com\\\/133881bdd\\\/?p=2400#primaryimage\",\"url\":\"https:\\\/\\\/www.espacefinance.com\\\/133881bdd\\\/wp-content\\\/uploads\\\/2022\\\/04\\\/ECOENERGIES.jpg\",\"contentUrl\":\"https:\\\/\\\/www.espacefinance.com\\\/133881bdd\\\/wp-content\\\/uploads\\\/2022\\\/04\\\/ECOENERGIES.jpg\",\"width\":440,\"height\":140,\"caption\":\"MaPrimR\u00e9nov'\"},{\"@type\":\"BreadcrumbList\",\"@id\":\"https:\\\/\\\/www.espacefinance.com\\\/133881bdd\\\/?p=2400#breadcrumb\",\"itemListElement\":[{\"@type\":\"ListItem\",\"position\":1,\"name\":\"Accueil\",\"item\":\"https:\\\/\\\/www.espacefinance.com\\\/133881bdd\\\/\"},{\"@type\":\"ListItem\",\"position\":2,\"name\":\"Cr\u00e9dit Immobilier\",\"item\":\"https:\\\/\\\/www.espacefinance.com\\\/133881bdd\\\/category\\\/credit-immobilier\\\/\"},{\"@type\":\"ListItem\",\"position\":3,\"name\":\"MaPrimeR\u00e9nov' : la prime pour la r\u00e9novation \u00e9nerg\u00e9tique\"}]},{\"@type\":\"WebSite\",\"@id\":\"https:\\\/\\\/www.espacefinance.com\\\/133881bdd\\\/#website\",\"url\":\"https:\\\/\\\/www.espacefinance.com\\\/133881bdd\\\/\",\"name\":\"N\u00eemes - Cr\u00e9dit Immobilier &amp; Assurances\",\"description\":\"Notre expertise \u00e0 votre service en toute transparence\",\"publisher\":{\"@id\":\"https:\\\/\\\/www.espacefinance.com\\\/133881bdd\\\/#organization\"},\"potentialAction\":[{\"@type\":\"SearchAction\",\"target\":{\"@type\":\"EntryPoint\",\"urlTemplate\":\"https:\\\/\\\/www.espacefinance.com\\\/133881bdd\\\/?s={search_term_string}\"},\"query-input\":{\"@type\":\"PropertyValueSpecification\",\"valueRequired\":true,\"valueName\":\"search_term_string\"}}],\"inLanguage\":\"fr-FR\"},{\"@type\":\"Organization\",\"@id\":\"https:\\\/\\\/www.espacefinance.com\\\/133881bdd\\\/#organization\",\"name\":\"ESPACE FINANCE LP\",\"url\":\"https:\\\/\\\/www.espacefinance.com\\\/133881bdd\\\/\",\"logo\":{\"@type\":\"ImageObject\",\"inLanguage\":\"fr-FR\",\"@id\":\"https:\\\/\\\/www.espacefinance.com\\\/133881bdd\\\/#\\\/schema\\\/logo\\\/image\\\/\",\"url\":\"https:\\\/\\\/www.espacefinance.com\\\/133881bdd\\\/wp-content\\\/uploads\\\/2022\\\/03\\\/LOGO-ESFI-YMANCI-022022.jpg\",\"contentUrl\":\"https:\\\/\\\/www.espacefinance.com\\\/133881bdd\\\/wp-content\\\/uploads\\\/2022\\\/03\\\/LOGO-ESFI-YMANCI-022022.jpg\",\"width\":1273,\"height\":710,\"caption\":\"ESPACE FINANCE LP\"},\"image\":{\"@id\":\"https:\\\/\\\/www.espacefinance.com\\\/133881bdd\\\/#\\\/schema\\\/logo\\\/image\\\/\"},\"sameAs\":[\"https:\\\/\\\/www.facebook.com\\\/ymanci.credit.immobilier.assurance\",\"https:\\\/\\\/x.com\\\/YMANCI_NIMES\",\"https:\\\/\\\/www.instagram.com\\\/espacefinancelp_ymanci_nimes\\\/?hl=fr\",\"https:\\\/\\\/www.linkedin.com\\\/showcase\\\/ymanci-nmes\\\/\",\"https:\\\/\\\/www.youtube.com\\\/channel\\\/UC1PRm7p_QVdRMUaS_Hq6zwA\"]},{\"@type\":\"Person\",\"@id\":\"https:\\\/\\\/www.espacefinance.com\\\/133881bdd\\\/#\\\/schema\\\/person\\\/738afd47cef28ce81cbfe952a2a21db4\",\"name\":\"admin0525\",\"image\":{\"@type\":\"ImageObject\",\"inLanguage\":\"fr-FR\",\"@id\":\"https:\\\/\\\/secure.gravatar.com\\\/avatar\\\/d8f5226374785993c9ad76a5358ce297ecd3750f6464f95f731e8e31b36160e2?s=96&d=mm&r=g\",\"url\":\"https:\\\/\\\/secure.gravatar.com\\\/avatar\\\/d8f5226374785993c9ad76a5358ce297ecd3750f6464f95f731e8e31b36160e2?s=96&d=mm&r=g\",\"contentUrl\":\"https:\\\/\\\/secure.gravatar.com\\\/avatar\\\/d8f5226374785993c9ad76a5358ce297ecd3750f6464f95f731e8e31b36160e2?s=96&d=mm&r=g\",\"caption\":\"admin0525\"},\"sameAs\":[\"http:\\\/\\\/www.espacefinance.com\\\/133881bdd\",\"https:\\\/\\\/www.facebook.com\\\/ymanci.credit.immobilier.assurance\",\"https:\\\/\\\/www.instagram.com\\\/espacefinancelp_ymanci_nimes\\\/?hl=fr\",\"https:\\\/\\\/x.com\\\/https:\\\/\\\/twitter.com\\\/YMANCI_NIMES\"],\"knowsAbout\":[\"Cr\u00e9dit Immobilier\",\"Regroupement de Cr\u00e9dits\",\"Assurance Emprunteur\",\"Assurances du Particulier et du Professionnel\"],\"knowsLanguage\":[\"Fran\u00e7ais\"],\"jobTitle\":\"Courtier\",\"worksFor\":\"Espace Finance LP sas\",\"url\":\"https:\\\/\\\/www.espacefinance.com\\\/133881bdd\\\/author\\\/admin0525\\\/\"}]}<\/script>\n<!-- \/ Yoast SEO Premium plugin. -->","yoast_head_json":{"title":"MaPrimeR\u00e9nov' : la prime pour la r\u00e9novation \u00e9nerg\u00e9tique -","description":"MaPrimeR\u00e9nov' : la prime pour la r\u00e9novation \u00e9nerg\u00e9tique MaPrimeR\u00e9nov' : la prime pour la r\u00e9novation \u00e9nerg\u00e9tique","robots":{"index":"index","follow":"follow","max-snippet":"max-snippet:-1","max-image-preview":"max-image-preview:large","max-video-preview":"max-video-preview:-1"},"canonical":"https:\/\/www.espacefinance.com\/133881bdd\/?p=2400","og_locale":"fr_FR","og_type":"article","og_title":"MaPrimeR\u00e9nov' : la prime pour la r\u00e9novation \u00e9nerg\u00e9tique","og_description":"N\u00eemes - Cr\u00e9dit Immobilier &amp; Assurances MaPrimeR\u00e9nov' : la prime pour la r\u00e9novation \u00e9nerg\u00e9tique Cr\u00e9dit Immobilier MaPrimeR\u00e9nov' est\u00a0accessible \u00e0 tous les propri\u00e9taires et \u00e0 toutes les copropri\u00e9t\u00e9s de logement construit depuis au moins 15 ans.","og_url":"https:\/\/www.espacefinance.com\/133881bdd\/?p=2400","og_site_name":"N\u00eemes - Cr\u00e9dit Immobilier &amp; Assurances","article_publisher":"https:\/\/www.facebook.com\/ymanci.credit.immobilier.assurance","article_author":"https:\/\/www.facebook.com\/ymanci.credit.immobilier.assurance","article_published_time":"2022-04-19T11:58:12+00:00","article_modified_time":"2022-05-04T10:51:45+00:00","og_image":[{"width":440,"height":140,"url":"https:\/\/www.espacefinance.com\/133881bdd\/wp-content\/uploads\/2022\/04\/ECOENERGIES.jpg","type":"image\/jpeg"}],"author":"admin0525","twitter_card":"summary_large_image","twitter_description":"N\u00eemes - Cr\u00e9dit Immobilier &amp; Assurances MaPrimeR\u00e9nov' : la prime pour la r\u00e9novation \u00e9nerg\u00e9tique Cr\u00e9dit Immobilier","twitter_creator":"@https:\/\/twitter.com\/YMANCI_NIMES","twitter_site":"@YMANCI_NIMES","twitter_misc":{"\u00c9crit par":"admin0525","Dur\u00e9e de lecture estim\u00e9e":"5 minutes"},"schema":{"@context":"https:\/\/schema.org","@graph":[{"@type":"Article","@id":"https:\/\/www.espacefinance.com\/133881bdd\/?p=2400#article","isPartOf":{"@id":"https:\/\/www.espacefinance.com\/133881bdd\/maprimerenov-la-prime-pour-la-renovation-energetique\/"},"author":{"name":"admin0525","@id":"https:\/\/www.espacefinance.com\/133881bdd\/#\/schema\/person\/738afd47cef28ce81cbfe952a2a21db4"},"headline":"MaPrimeR\u00e9nov&rsquo; : la prime pour la r\u00e9novation \u00e9nerg\u00e9tique","datePublished":"2022-04-19T11:58:12+00:00","dateModified":"2022-05-04T10:51:45+00:00","mainEntityOfPage":{"@id":"https:\/\/www.espacefinance.com\/133881bdd\/maprimerenov-la-prime-pour-la-renovation-energetique\/"},"wordCount":1069,"publisher":{"@id":"https:\/\/www.espacefinance.com\/133881bdd\/#organization"},"image":{"@id":"https:\/\/www.espacefinance.com\/133881bdd\/?p=2400#primaryimage"},"thumbnailUrl":"https:\/\/www.espacefinance.com\/133881bdd\/wp-content\/uploads\/2022\/04\/ECOENERGIES.jpg","articleSection":["Cr\u00e9dit Immobilier","Travaux"],"inLanguage":"fr-FR"},{"@type":"WebPage","@id":"https:\/\/www.espacefinance.com\/133881bdd\/maprimerenov-la-prime-pour-la-renovation-energetique\/","url":"https:\/\/www.espacefinance.com\/133881bdd\/?p=2400","name":"MaPrimeR\u00e9nov' : la prime pour la r\u00e9novation \u00e9nerg\u00e9tique -","isPartOf":{"@id":"https:\/\/www.espacefinance.com\/133881bdd\/#website"},"primaryImageOfPage":{"@id":"https:\/\/www.espacefinance.com\/133881bdd\/?p=2400#primaryimage"},"image":{"@id":"https:\/\/www.espacefinance.com\/133881bdd\/?p=2400#primaryimage"},"thumbnailUrl":"https:\/\/www.espacefinance.com\/133881bdd\/wp-content\/uploads\/2022\/04\/ECOENERGIES.jpg","datePublished":"2022-04-19T11:58:12+00:00","dateModified":"2022-05-04T10:51:45+00:00","description":"MaPrimeR\u00e9nov' : la prime pour la r\u00e9novation \u00e9nerg\u00e9tique MaPrimeR\u00e9nov' : la prime pour la r\u00e9novation \u00e9nerg\u00e9tique","breadcrumb":{"@id":"https:\/\/www.espacefinance.com\/133881bdd\/?p=2400#breadcrumb"},"inLanguage":"fr-FR","potentialAction":[{"@type":"ReadAction","target":["https:\/\/www.espacefinance.com\/133881bdd\/?p=2400"]}]},{"@type":"ImageObject","inLanguage":"fr-FR","@id":"https:\/\/www.espacefinance.com\/133881bdd\/?p=2400#primaryimage","url":"https:\/\/www.espacefinance.com\/133881bdd\/wp-content\/uploads\/2022\/04\/ECOENERGIES.jpg","contentUrl":"https:\/\/www.espacefinance.com\/133881bdd\/wp-content\/uploads\/2022\/04\/ECOENERGIES.jpg","width":440,"height":140,"caption":"MaPrimR\u00e9nov'"},{"@type":"BreadcrumbList","@id":"https:\/\/www.espacefinance.com\/133881bdd\/?p=2400#breadcrumb","itemListElement":[{"@type":"ListItem","position":1,"name":"Accueil","item":"https:\/\/www.espacefinance.com\/133881bdd\/"},{"@type":"ListItem","position":2,"name":"Cr\u00e9dit Immobilier","item":"https:\/\/www.espacefinance.com\/133881bdd\/category\/credit-immobilier\/"},{"@type":"ListItem","position":3,"name":"MaPrimeR\u00e9nov' : la prime pour la r\u00e9novation \u00e9nerg\u00e9tique"}]},{"@type":"WebSite","@id":"https:\/\/www.espacefinance.com\/133881bdd\/#website","url":"https:\/\/www.espacefinance.com\/133881bdd\/","name":"N\u00eemes - Cr\u00e9dit Immobilier &amp; Assurances","description":"Notre expertise \u00e0 votre service en toute transparence","publisher":{"@id":"https:\/\/www.espacefinance.com\/133881bdd\/#organization"},"potentialAction":[{"@type":"SearchAction","target":{"@type":"EntryPoint","urlTemplate":"https:\/\/www.espacefinance.com\/133881bdd\/?s={search_term_string}"},"query-input":{"@type":"PropertyValueSpecification","valueRequired":true,"valueName":"search_term_string"}}],"inLanguage":"fr-FR"},{"@type":"Organization","@id":"https:\/\/www.espacefinance.com\/133881bdd\/#organization","name":"ESPACE FINANCE LP","url":"https:\/\/www.espacefinance.com\/133881bdd\/","logo":{"@type":"ImageObject","inLanguage":"fr-FR","@id":"https:\/\/www.espacefinance.com\/133881bdd\/#\/schema\/logo\/image\/","url":"https:\/\/www.espacefinance.com\/133881bdd\/wp-content\/uploads\/2022\/03\/LOGO-ESFI-YMANCI-022022.jpg","contentUrl":"https:\/\/www.espacefinance.com\/133881bdd\/wp-content\/uploads\/2022\/03\/LOGO-ESFI-YMANCI-022022.jpg","width":1273,"height":710,"caption":"ESPACE FINANCE LP"},"image":{"@id":"https:\/\/www.espacefinance.com\/133881bdd\/#\/schema\/logo\/image\/"},"sameAs":["https:\/\/www.facebook.com\/ymanci.credit.immobilier.assurance","https:\/\/x.com\/YMANCI_NIMES","https:\/\/www.instagram.com\/espacefinancelp_ymanci_nimes\/?hl=fr","https:\/\/www.linkedin.com\/showcase\/ymanci-nmes\/","https:\/\/www.youtube.com\/channel\/UC1PRm7p_QVdRMUaS_Hq6zwA"]},{"@type":"Person","@id":"https:\/\/www.espacefinance.com\/133881bdd\/#\/schema\/person\/738afd47cef28ce81cbfe952a2a21db4","name":"admin0525","image":{"@type":"ImageObject","inLanguage":"fr-FR","@id":"https:\/\/secure.gravatar.com\/avatar\/d8f5226374785993c9ad76a5358ce297ecd3750f6464f95f731e8e31b36160e2?s=96&d=mm&r=g","url":"https:\/\/secure.gravatar.com\/avatar\/d8f5226374785993c9ad76a5358ce297ecd3750f6464f95f731e8e31b36160e2?s=96&d=mm&r=g","contentUrl":"https:\/\/secure.gravatar.com\/avatar\/d8f5226374785993c9ad76a5358ce297ecd3750f6464f95f731e8e31b36160e2?s=96&d=mm&r=g","caption":"admin0525"},"sameAs":["http:\/\/www.espacefinance.com\/133881bdd","https:\/\/www.facebook.com\/ymanci.credit.immobilier.assurance","https:\/\/www.instagram.com\/espacefinancelp_ymanci_nimes\/?hl=fr","https:\/\/x.com\/https:\/\/twitter.com\/YMANCI_NIMES"],"knowsAbout":["Cr\u00e9dit Immobilier","Regroupement de Cr\u00e9dits","Assurance Emprunteur","Assurances du Particulier et du Professionnel"],"knowsLanguage":["Fran\u00e7ais"],"jobTitle":"Courtier","worksFor":"Espace Finance LP sas","url":"https:\/\/www.espacefinance.com\/133881bdd\/author\/admin0525\/"}]}},"_links":{"self":[{"href":"https:\/\/www.espacefinance.com\/133881bdd\/wp-json\/wp\/v2\/posts\/2400","targetHints":{"allow":["GET"]}}],"collection":[{"href":"https:\/\/www.espacefinance.com\/133881bdd\/wp-json\/wp\/v2\/posts"}],"about":[{"href":"https:\/\/www.espacefinance.com\/133881bdd\/wp-json\/wp\/v2\/types\/post"}],"author":[{"embeddable":true,"href":"https:\/\/www.espacefinance.com\/133881bdd\/wp-json\/wp\/v2\/users\/1"}],"replies":[{"embeddable":true,"href":"https:\/\/www.espacefinance.com\/133881bdd\/wp-json\/wp\/v2\/comments?post=2400"}],"version-history":[{"count":0,"href":"https:\/\/www.espacefinance.com\/133881bdd\/wp-json\/wp\/v2\/posts\/2400\/revisions"}],"wp:featuredmedia":[{"embeddable":true,"href":"https:\/\/www.espacefinance.com\/133881bdd\/wp-json\/wp\/v2\/media\/2401"}],"wp:attachment":[{"href":"https:\/\/www.espacefinance.com\/133881bdd\/wp-json\/wp\/v2\/media?parent=2400"}],"wp:term":[{"taxonomy":"category","embeddable":true,"href":"https:\/\/www.espacefinance.com\/133881bdd\/wp-json\/wp\/v2\/categories?post=2400"},{"taxonomy":"post_tag","embeddable":true,"href":"https:\/\/www.espacefinance.com\/133881bdd\/wp-json\/wp\/v2\/tags?post=2400"}],"curies":[{"name":"wp","href":"https:\/\/api.w.org\/{rel}","templated":true}]}}