{"id":2048,"date":"2022-04-04T16:23:59","date_gmt":"2022-04-04T14:23:59","guid":{"rendered":"https:\/\/www.espacefinance.com\/133881bdd\/?p=2048"},"modified":"2022-04-07T09:14:43","modified_gmt":"2022-04-07T07:14:43","slug":"pret-taux-zero","status":"publish","type":"post","link":"https:\/\/www.espacefinance.com\/133881bdd\/pret-taux-zero\/","title":{"rendered":"Le Pr\u00eat \u00e0 Taux Z\u00e9ro (PTZ) reconduit jusqu&rsquo;\u00e0 fin 2023"},"content":{"rendered":"\n<p id=\"PTZ\">Bonne nouvelle !\u00a0<strong>Le\u00a0Pr\u00eat \u00e0 Taux Z\u00e9ro (PTZ) joue les prolongations.<\/strong>\u00a0Le dispositif\u00a0d&rsquo;aide \u00e0 l&rsquo;accession,\u00a0qui\u00a0devait prendre fin le 31 d\u00e9cembre 2021,\u00a0a \u00e9t\u00e9 finalement\u00a0<a href=\"https:\/\/www.economie.gouv.fr\/particuliers\/PTZ-pret-taux-zero?xtor=ES-39-[BI_252_20220125]-20220125-[https:\/\/www.economie.gouv.fr\/particuliers\/PTZ-pret-taux-zero]\" target=\"_blank\" rel=\"noreferrer noopener\"><strong>maintenu\u00a0jusqu\u2019au 31 d\u00e9cembre 2023<\/strong><\/a>\u00a0dans\u00a0<a href=\"https:\/\/www.economie.gouv.fr\/cedef\/ptz-pret-a-taux-zero\" target=\"_blank\" rel=\"noreferrer noopener\"><strong>ses conditions actuelles<\/strong><\/a>. <\/p>\n\n\n\n<p id=\"PTZ\">Les crit\u00e8res\u00a0d\u2019attribution et les modalit\u00e9s\u00a0du PTZ, restent donc\u00a0inchang\u00e9s.<\/p>\n\n\n\n<p id=\"PTZ\">voir\u00a0<a href=\"http:\/\/www.legifrance.gouv.fr\/jorf\/id\/JORFTEXT000044593026\" target=\"_blank\" rel=\"noreferrer noopener\"><strong>un d\u00e9cret\u00a0paru au\u00a0<em>Journal Officiel\u00a0<\/em>du 29 d\u00e9cembre 2021<\/strong><\/a>. <\/p>\n\n\n\n<p>Pour rappel,\u00a0<strong><a href=\"https:\/\/ymanci.fr\/credit-immobilier\/guide\/comprendre-le-credit-immobilier\/differents-types-prets-aide-accession-immobiliere\" target=\"_blank\" rel=\"noreferrer noopener\">le Pr\u00eat \u00e0 Taux Z\u00e9ro<\/a>\u00a0est<\/strong>\u00a0<strong>un\u00a0pr\u00eat sans\u00a0int\u00e9r\u00eats accord\u00e9 aux primo-acc\u00e9dants\u00a0<\/strong>sous conditions de ressources\u00a0pour une dur\u00e9e de 20 \u00e0 25 ans.<\/p>\n\n\n\n<p>Il\u00a0permet de\u00a0financer une partie de l&rsquo;achat ou la construction\u00a0de leur future\u00a0r\u00e9sidence principale.\u00a0<\/p>\n\n\n\n<h2 class=\"wp-block-heading\" id=\"h-a-savoir\">A savoir<\/h2>\n\n\n\n<p>Pour un\u00a0achat\u00a0de logement\u00a0neuf,\u00a0<strong>le PTZ\u00a0<\/strong>peut couvrir jusqu\u2019\u00e0 40% du co\u00fbt total de l\u2019op\u00e9ration dans les zones les plus tendues (A, Abis et B1) et jusqu\u2019\u00e0 20% dans les zones d\u00e9tendues (B2 et C). <\/p>\n\n\n\n<p>Il peut aussi\u00a0\u00eatre d\u00e9bloqu\u00e9 dans le cas d\u2019un achat de\u00a0logement ancien,\u00a0si celui-ci n\u00e9cessite de lourds travaux, dans les zones B2 et C.\u00a0<\/p>\n\n\n\n<p>Un logement acquis avec un PTZ ne peut \u00eatre mis, en location pendant les 6 ann\u00e9es.<\/p>\n\n\n\n<p>La dur\u00e9e maximale d\u2019emprunt pour un PTZ\u00a0est de 25 ans.\u00a0D\u00e9couvrez toutes les conditions du PTZ\u00a0sur\u00a0<a href=\"https:\/\/www.service-public.fr\/particuliers\/vosdroits\/F10871\" target=\"_blank\" rel=\"noreferrer noopener\">https:\/\/www.service-public.fr\/particuliers\/vosdroits\/F10871\u00a0<\/a><\/p>\n\n\n\n<p><a href=\"https:\/\/www.service-public.fr\/particuliers\/vosdroits\/F10871\" target=\"_blank\" rel=\"noreferrer noopener\">En savoir plus&#8230;.<\/a><\/p>\n\n\n\n<p>Vous souhaitez connaitre les autres pr\u00eats aid\u00e9s ? <a href=\"https:\/\/www.espacefinance.com\/133881bdd\/les-aides-a-laccession\/\" target=\"_blank\" rel=\"noreferrer noopener\">C&rsquo;est par ici&#8230;<\/a><\/p>\n","protected":false},"excerpt":{"rendered":"<p>Bonne nouvelle !\u00a0Le\u00a0Pr\u00eat \u00e0 Taux Z\u00e9ro (PTZ) joue les prolongations.\u00a0Le dispositif\u00a0d&rsquo;aide \u00e0 l&rsquo;accession,\u00a0qui\u00a0devait prendre fin le 31 d\u00e9cembre 2021,\u00a0a \u00e9t\u00e9 finalement\u00a0maintenu\u00a0jusqu\u2019au 31 d\u00e9cembre 2023\u00a0dans\u00a0ses conditions actuelles. Les crit\u00e8res\u00a0d\u2019attribution et les modalit\u00e9s\u00a0du PTZ, restent donc\u00a0inchang\u00e9s. voir\u00a0un d\u00e9cret\u00a0paru au\u00a0Journal Officiel\u00a0du 29 d\u00e9cembre 2021. Pour rappel,\u00a0le Pr\u00eat \u00e0 Taux Z\u00e9ro\u00a0est\u00a0un\u00a0pr\u00eat sans\u00a0int\u00e9r\u00eats accord\u00e9 aux primo-acc\u00e9dants\u00a0sous conditions de ressources\u00a0pour une [&hellip;]<\/p>\n","protected":false},"author":1,"featured_media":2049,"comment_status":"open","ping_status":"closed","sticky":false,"template":"","format":"standard","meta":{"footnotes":""},"categories":[1],"tags":[],"class_list":["post-2048","post","type-post","status-publish","format-standard","has-post-thumbnail","hentry","category-non-classe"],"yoast_head":"<!-- This site is optimized with the Yoast SEO Premium plugin v20.0 (Yoast SEO v27.5) - https:\/\/yoast.com\/product\/yoast-seo-premium-wordpress\/ -->\n<title>PRET A TAUX ZERO PTZ<\/title>\n<meta name=\"description\" content=\"Bonne nouvelle !\u00a0Le\u00a0Pr\u00eat \u00e0 Taux Z\u00e9ro (PTZ) joue les prolongations.\u00a0Il est finalement\u00a0maintenu\u00a0jusqu\u2019au 31 d\u00e9cembre 2023.\" \/>\n<meta name=\"robots\" content=\"index, follow, max-snippet:-1, max-image-preview:large, max-video-preview:-1\" \/>\n<link rel=\"canonical\" href=\"https:\/\/www.espacefinance.com\/133881bdd\/pret-taux-zero\/\" \/>\n<meta property=\"og:locale\" content=\"fr_FR\" \/>\n<meta property=\"og:type\" content=\"article\" \/>\n<meta property=\"og:title\" content=\"ptz pret a taux zero\" \/>\n<meta property=\"og:description\" content=\"Bonne nouvelle !\u00a0Le\u00a0Pr\u00eat \u00e0 Taux Z\u00e9ro (PTZ) joue les prolongations.\u00a0Le dispositif\u00a0d&#039;aide \u00e0 l&#039;accession,\u00a0qui\u00a0devait prendre fin le 31 d\u00e9cembre 2021,\u00a0a \u00e9t\u00e9 finalement\u00a0maintenu\u00a0jusqu\u2019au 31 d\u00e9cembre 2023\u00a0dans\u00a0ses conditions actuelles.\" \/>\n<meta property=\"og:url\" content=\"https:\/\/www.espacefinance.com\/133881bdd\/pret-taux-zero\/\" \/>\n<meta property=\"og:site_name\" content=\"N\u00eemes - Cr\u00e9dit Immobilier &amp; Assurances\" \/>\n<meta property=\"article:publisher\" content=\"https:\/\/www.facebook.com\/ymanci.credit.immobilier.assurance\" \/>\n<meta property=\"article:author\" content=\"https:\/\/www.facebook.com\/ymanci.credit.immobilier.assurance\" \/>\n<meta property=\"article:published_time\" content=\"2022-04-04T14:23:59+00:00\" \/>\n<meta property=\"article:modified_time\" content=\"2022-04-07T07:14:43+00:00\" \/>\n<meta property=\"og:image\" content=\"https:\/\/www.espacefinance.com\/133881bdd\/wp-content\/uploads\/2022\/04\/PTZ_Pret-a-Taux-Zero-maintenu-jusqua-fin-2023.png\" \/>\n\t<meta property=\"og:image:width\" content=\"470\" \/>\n\t<meta property=\"og:image:height\" content=\"282\" \/>\n\t<meta property=\"og:image:type\" content=\"image\/png\" \/>\n<meta name=\"author\" content=\"admin0525\" \/>\n<meta name=\"twitter:card\" content=\"summary_large_image\" \/>\n<meta name=\"twitter:title\" content=\"Le Pr\u00eat \u00e0 Taux Z\u00e9ro (PTZ) reconduit jusqu&#039;\u00e0 fin 2023\" \/>\n<meta name=\"twitter:description\" content=\"N\u00eemes - Cr\u00e9dit Immobilier &amp; Assurances Le Pr\u00eat \u00e0 Taux Z\u00e9ro (PTZ) reconduit jusqu&#039;\u00e0 fin 2023\" \/>\n<meta name=\"twitter:creator\" content=\"@https:\/\/twitter.com\/YMANCI_NIMES\" \/>\n<meta name=\"twitter:site\" content=\"@YMANCI_NIMES\" \/>\n<meta name=\"twitter:label1\" content=\"\u00c9crit par\" \/>\n\t<meta name=\"twitter:data1\" content=\"admin0525\" \/>\n\t<meta name=\"twitter:label2\" content=\"Dur\u00e9e de lecture estim\u00e9e\" \/>\n\t<meta name=\"twitter:data2\" content=\"2 minutes\" \/>\n<script type=\"application\/ld+json\" class=\"yoast-schema-graph\">{\"@context\":\"https:\\\/\\\/schema.org\",\"@graph\":[{\"@type\":\"Article\",\"@id\":\"https:\\\/\\\/www.espacefinance.com\\\/133881bdd\\\/pret-taux-zero\\\/#article\",\"isPartOf\":{\"@id\":\"https:\\\/\\\/www.espacefinance.com\\\/133881bdd\\\/pret-taux-zero\\\/\"},\"author\":{\"name\":\"admin0525\",\"@id\":\"https:\\\/\\\/www.espacefinance.com\\\/133881bdd\\\/#\\\/schema\\\/person\\\/738afd47cef28ce81cbfe952a2a21db4\"},\"headline\":\"Le Pr\u00eat \u00e0 Taux Z\u00e9ro (PTZ) reconduit jusqu&rsquo;\u00e0 fin 2023\",\"datePublished\":\"2022-04-04T14:23:59+00:00\",\"dateModified\":\"2022-04-07T07:14:43+00:00\",\"mainEntityOfPage\":{\"@id\":\"https:\\\/\\\/www.espacefinance.com\\\/133881bdd\\\/pret-taux-zero\\\/\"},\"wordCount\":249,\"commentCount\":0,\"publisher\":{\"@id\":\"https:\\\/\\\/www.espacefinance.com\\\/133881bdd\\\/#organization\"},\"image\":{\"@id\":\"https:\\\/\\\/www.espacefinance.com\\\/133881bdd\\\/pret-taux-zero\\\/#primaryimage\"},\"thumbnailUrl\":\"https:\\\/\\\/www.espacefinance.com\\\/133881bdd\\\/wp-content\\\/uploads\\\/2022\\\/04\\\/PTZ_Pret-a-Taux-Zero-maintenu-jusqua-fin-2023.png\",\"inLanguage\":\"fr-FR\",\"potentialAction\":[{\"@type\":\"CommentAction\",\"name\":\"Comment\",\"target\":[\"https:\\\/\\\/www.espacefinance.com\\\/133881bdd\\\/pret-taux-zero\\\/#respond\"]}]},{\"@type\":\"WebPage\",\"@id\":\"https:\\\/\\\/www.espacefinance.com\\\/133881bdd\\\/pret-taux-zero\\\/\",\"url\":\"https:\\\/\\\/www.espacefinance.com\\\/133881bdd\\\/pret-taux-zero\\\/\",\"name\":\"PRET A TAUX ZERO PTZ\",\"isPartOf\":{\"@id\":\"https:\\\/\\\/www.espacefinance.com\\\/133881bdd\\\/#website\"},\"primaryImageOfPage\":{\"@id\":\"https:\\\/\\\/www.espacefinance.com\\\/133881bdd\\\/pret-taux-zero\\\/#primaryimage\"},\"image\":{\"@id\":\"https:\\\/\\\/www.espacefinance.com\\\/133881bdd\\\/pret-taux-zero\\\/#primaryimage\"},\"thumbnailUrl\":\"https:\\\/\\\/www.espacefinance.com\\\/133881bdd\\\/wp-content\\\/uploads\\\/2022\\\/04\\\/PTZ_Pret-a-Taux-Zero-maintenu-jusqua-fin-2023.png\",\"datePublished\":\"2022-04-04T14:23:59+00:00\",\"dateModified\":\"2022-04-07T07:14:43+00:00\",\"description\":\"Bonne nouvelle !\u00a0Le\u00a0Pr\u00eat \u00e0 Taux Z\u00e9ro (PTZ) joue les prolongations.\u00a0Il est finalement\u00a0maintenu\u00a0jusqu\u2019au 31 d\u00e9cembre 2023.\",\"breadcrumb\":{\"@id\":\"https:\\\/\\\/www.espacefinance.com\\\/133881bdd\\\/pret-taux-zero\\\/#breadcrumb\"},\"inLanguage\":\"fr-FR\",\"potentialAction\":[{\"@type\":\"ReadAction\",\"target\":[\"https:\\\/\\\/www.espacefinance.com\\\/133881bdd\\\/pret-taux-zero\\\/\"]}]},{\"@type\":\"ImageObject\",\"inLanguage\":\"fr-FR\",\"@id\":\"https:\\\/\\\/www.espacefinance.com\\\/133881bdd\\\/pret-taux-zero\\\/#primaryimage\",\"url\":\"https:\\\/\\\/www.espacefinance.com\\\/133881bdd\\\/wp-content\\\/uploads\\\/2022\\\/04\\\/PTZ_Pret-a-Taux-Zero-maintenu-jusqua-fin-2023.png\",\"contentUrl\":\"https:\\\/\\\/www.espacefinance.com\\\/133881bdd\\\/wp-content\\\/uploads\\\/2022\\\/04\\\/PTZ_Pret-a-Taux-Zero-maintenu-jusqua-fin-2023.png\",\"width\":470,\"height\":282,\"caption\":\"PRET TAUX ZERO - PTZ\"},{\"@type\":\"BreadcrumbList\",\"@id\":\"https:\\\/\\\/www.espacefinance.com\\\/133881bdd\\\/pret-taux-zero\\\/#breadcrumb\",\"itemListElement\":[{\"@type\":\"ListItem\",\"position\":1,\"name\":\"Accueil\",\"item\":\"https:\\\/\\\/www.espacefinance.com\\\/133881bdd\\\/\"},{\"@type\":\"ListItem\",\"position\":2,\"name\":\"Non class\u00e9\",\"item\":\"https:\\\/\\\/www.espacefinance.com\\\/133881bdd\\\/category\\\/non-classe\\\/\"},{\"@type\":\"ListItem\",\"position\":3,\"name\":\"Le Pr\u00eat \u00e0 Taux Z\u00e9ro (PTZ) reconduit jusqu&rsquo;\u00e0 fin 2023\"}]},{\"@type\":\"WebSite\",\"@id\":\"https:\\\/\\\/www.espacefinance.com\\\/133881bdd\\\/#website\",\"url\":\"https:\\\/\\\/www.espacefinance.com\\\/133881bdd\\\/\",\"name\":\"N\u00eemes - Cr\u00e9dit Immobilier &amp; Assurances\",\"description\":\"Notre expertise \u00e0 votre service en toute transparence\",\"publisher\":{\"@id\":\"https:\\\/\\\/www.espacefinance.com\\\/133881bdd\\\/#organization\"},\"potentialAction\":[{\"@type\":\"SearchAction\",\"target\":{\"@type\":\"EntryPoint\",\"urlTemplate\":\"https:\\\/\\\/www.espacefinance.com\\\/133881bdd\\\/?s={search_term_string}\"},\"query-input\":{\"@type\":\"PropertyValueSpecification\",\"valueRequired\":true,\"valueName\":\"search_term_string\"}}],\"inLanguage\":\"fr-FR\"},{\"@type\":\"Organization\",\"@id\":\"https:\\\/\\\/www.espacefinance.com\\\/133881bdd\\\/#organization\",\"name\":\"ESPACE FINANCE LP\",\"url\":\"https:\\\/\\\/www.espacefinance.com\\\/133881bdd\\\/\",\"logo\":{\"@type\":\"ImageObject\",\"inLanguage\":\"fr-FR\",\"@id\":\"https:\\\/\\\/www.espacefinance.com\\\/133881bdd\\\/#\\\/schema\\\/logo\\\/image\\\/\",\"url\":\"https:\\\/\\\/www.espacefinance.com\\\/133881bdd\\\/wp-content\\\/uploads\\\/2022\\\/03\\\/LOGO-ESFI-YMANCI-022022.jpg\",\"contentUrl\":\"https:\\\/\\\/www.espacefinance.com\\\/133881bdd\\\/wp-content\\\/uploads\\\/2022\\\/03\\\/LOGO-ESFI-YMANCI-022022.jpg\",\"width\":1273,\"height\":710,\"caption\":\"ESPACE FINANCE LP\"},\"image\":{\"@id\":\"https:\\\/\\\/www.espacefinance.com\\\/133881bdd\\\/#\\\/schema\\\/logo\\\/image\\\/\"},\"sameAs\":[\"https:\\\/\\\/www.facebook.com\\\/ymanci.credit.immobilier.assurance\",\"https:\\\/\\\/x.com\\\/YMANCI_NIMES\",\"https:\\\/\\\/www.instagram.com\\\/espacefinancelp_ymanci_nimes\\\/?hl=fr\",\"https:\\\/\\\/www.linkedin.com\\\/showcase\\\/ymanci-nmes\\\/\",\"https:\\\/\\\/www.youtube.com\\\/channel\\\/UC1PRm7p_QVdRMUaS_Hq6zwA\"]},{\"@type\":\"Person\",\"@id\":\"https:\\\/\\\/www.espacefinance.com\\\/133881bdd\\\/#\\\/schema\\\/person\\\/738afd47cef28ce81cbfe952a2a21db4\",\"name\":\"admin0525\",\"image\":{\"@type\":\"ImageObject\",\"inLanguage\":\"fr-FR\",\"@id\":\"https:\\\/\\\/secure.gravatar.com\\\/avatar\\\/d8f5226374785993c9ad76a5358ce297ecd3750f6464f95f731e8e31b36160e2?s=96&d=mm&r=g\",\"url\":\"https:\\\/\\\/secure.gravatar.com\\\/avatar\\\/d8f5226374785993c9ad76a5358ce297ecd3750f6464f95f731e8e31b36160e2?s=96&d=mm&r=g\",\"contentUrl\":\"https:\\\/\\\/secure.gravatar.com\\\/avatar\\\/d8f5226374785993c9ad76a5358ce297ecd3750f6464f95f731e8e31b36160e2?s=96&d=mm&r=g\",\"caption\":\"admin0525\"},\"sameAs\":[\"http:\\\/\\\/www.espacefinance.com\\\/133881bdd\",\"https:\\\/\\\/www.facebook.com\\\/ymanci.credit.immobilier.assurance\",\"https:\\\/\\\/www.instagram.com\\\/espacefinancelp_ymanci_nimes\\\/?hl=fr\",\"https:\\\/\\\/x.com\\\/https:\\\/\\\/twitter.com\\\/YMANCI_NIMES\"],\"knowsAbout\":[\"Cr\u00e9dit Immobilier\",\"Regroupement de Cr\u00e9dits\",\"Assurance Emprunteur\",\"Assurances du Particulier et du Professionnel\"],\"knowsLanguage\":[\"Fran\u00e7ais\"],\"jobTitle\":\"Courtier\",\"worksFor\":\"Espace Finance LP sas\",\"url\":\"https:\\\/\\\/www.espacefinance.com\\\/133881bdd\\\/author\\\/admin0525\\\/\"}]}<\/script>\n<!-- \/ Yoast SEO Premium plugin. -->","yoast_head_json":{"title":"PRET A TAUX ZERO PTZ","description":"Bonne nouvelle !\u00a0Le\u00a0Pr\u00eat \u00e0 Taux Z\u00e9ro (PTZ) joue les prolongations.\u00a0Il est finalement\u00a0maintenu\u00a0jusqu\u2019au 31 d\u00e9cembre 2023.","robots":{"index":"index","follow":"follow","max-snippet":"max-snippet:-1","max-image-preview":"max-image-preview:large","max-video-preview":"max-video-preview:-1"},"canonical":"https:\/\/www.espacefinance.com\/133881bdd\/pret-taux-zero\/","og_locale":"fr_FR","og_type":"article","og_title":"ptz pret a taux zero","og_description":"Bonne nouvelle !\u00a0Le\u00a0Pr\u00eat \u00e0 Taux Z\u00e9ro (PTZ) joue les prolongations.\u00a0Le dispositif\u00a0d'aide \u00e0 l'accession,\u00a0qui\u00a0devait prendre fin le 31 d\u00e9cembre 2021,\u00a0a \u00e9t\u00e9 finalement\u00a0maintenu\u00a0jusqu\u2019au 31 d\u00e9cembre 2023\u00a0dans\u00a0ses conditions actuelles.","og_url":"https:\/\/www.espacefinance.com\/133881bdd\/pret-taux-zero\/","og_site_name":"N\u00eemes - Cr\u00e9dit Immobilier &amp; Assurances","article_publisher":"https:\/\/www.facebook.com\/ymanci.credit.immobilier.assurance","article_author":"https:\/\/www.facebook.com\/ymanci.credit.immobilier.assurance","article_published_time":"2022-04-04T14:23:59+00:00","article_modified_time":"2022-04-07T07:14:43+00:00","og_image":[{"width":470,"height":282,"url":"https:\/\/www.espacefinance.com\/133881bdd\/wp-content\/uploads\/2022\/04\/PTZ_Pret-a-Taux-Zero-maintenu-jusqua-fin-2023.png","type":"image\/png"}],"author":"admin0525","twitter_card":"summary_large_image","twitter_title":"Le Pr\u00eat \u00e0 Taux Z\u00e9ro (PTZ) reconduit jusqu'\u00e0 fin 2023","twitter_description":"N\u00eemes - Cr\u00e9dit Immobilier &amp; Assurances Le Pr\u00eat \u00e0 Taux Z\u00e9ro (PTZ) reconduit jusqu'\u00e0 fin 2023","twitter_creator":"@https:\/\/twitter.com\/YMANCI_NIMES","twitter_site":"@YMANCI_NIMES","twitter_misc":{"\u00c9crit par":"admin0525","Dur\u00e9e de lecture estim\u00e9e":"2 minutes"},"schema":{"@context":"https:\/\/schema.org","@graph":[{"@type":"Article","@id":"https:\/\/www.espacefinance.com\/133881bdd\/pret-taux-zero\/#article","isPartOf":{"@id":"https:\/\/www.espacefinance.com\/133881bdd\/pret-taux-zero\/"},"author":{"name":"admin0525","@id":"https:\/\/www.espacefinance.com\/133881bdd\/#\/schema\/person\/738afd47cef28ce81cbfe952a2a21db4"},"headline":"Le Pr\u00eat \u00e0 Taux Z\u00e9ro (PTZ) reconduit jusqu&rsquo;\u00e0 fin 2023","datePublished":"2022-04-04T14:23:59+00:00","dateModified":"2022-04-07T07:14:43+00:00","mainEntityOfPage":{"@id":"https:\/\/www.espacefinance.com\/133881bdd\/pret-taux-zero\/"},"wordCount":249,"commentCount":0,"publisher":{"@id":"https:\/\/www.espacefinance.com\/133881bdd\/#organization"},"image":{"@id":"https:\/\/www.espacefinance.com\/133881bdd\/pret-taux-zero\/#primaryimage"},"thumbnailUrl":"https:\/\/www.espacefinance.com\/133881bdd\/wp-content\/uploads\/2022\/04\/PTZ_Pret-a-Taux-Zero-maintenu-jusqua-fin-2023.png","inLanguage":"fr-FR","potentialAction":[{"@type":"CommentAction","name":"Comment","target":["https:\/\/www.espacefinance.com\/133881bdd\/pret-taux-zero\/#respond"]}]},{"@type":"WebPage","@id":"https:\/\/www.espacefinance.com\/133881bdd\/pret-taux-zero\/","url":"https:\/\/www.espacefinance.com\/133881bdd\/pret-taux-zero\/","name":"PRET A TAUX ZERO PTZ","isPartOf":{"@id":"https:\/\/www.espacefinance.com\/133881bdd\/#website"},"primaryImageOfPage":{"@id":"https:\/\/www.espacefinance.com\/133881bdd\/pret-taux-zero\/#primaryimage"},"image":{"@id":"https:\/\/www.espacefinance.com\/133881bdd\/pret-taux-zero\/#primaryimage"},"thumbnailUrl":"https:\/\/www.espacefinance.com\/133881bdd\/wp-content\/uploads\/2022\/04\/PTZ_Pret-a-Taux-Zero-maintenu-jusqua-fin-2023.png","datePublished":"2022-04-04T14:23:59+00:00","dateModified":"2022-04-07T07:14:43+00:00","description":"Bonne nouvelle !\u00a0Le\u00a0Pr\u00eat \u00e0 Taux Z\u00e9ro (PTZ) joue les prolongations.\u00a0Il est finalement\u00a0maintenu\u00a0jusqu\u2019au 31 d\u00e9cembre 2023.","breadcrumb":{"@id":"https:\/\/www.espacefinance.com\/133881bdd\/pret-taux-zero\/#breadcrumb"},"inLanguage":"fr-FR","potentialAction":[{"@type":"ReadAction","target":["https:\/\/www.espacefinance.com\/133881bdd\/pret-taux-zero\/"]}]},{"@type":"ImageObject","inLanguage":"fr-FR","@id":"https:\/\/www.espacefinance.com\/133881bdd\/pret-taux-zero\/#primaryimage","url":"https:\/\/www.espacefinance.com\/133881bdd\/wp-content\/uploads\/2022\/04\/PTZ_Pret-a-Taux-Zero-maintenu-jusqua-fin-2023.png","contentUrl":"https:\/\/www.espacefinance.com\/133881bdd\/wp-content\/uploads\/2022\/04\/PTZ_Pret-a-Taux-Zero-maintenu-jusqua-fin-2023.png","width":470,"height":282,"caption":"PRET TAUX ZERO - PTZ"},{"@type":"BreadcrumbList","@id":"https:\/\/www.espacefinance.com\/133881bdd\/pret-taux-zero\/#breadcrumb","itemListElement":[{"@type":"ListItem","position":1,"name":"Accueil","item":"https:\/\/www.espacefinance.com\/133881bdd\/"},{"@type":"ListItem","position":2,"name":"Non class\u00e9","item":"https:\/\/www.espacefinance.com\/133881bdd\/category\/non-classe\/"},{"@type":"ListItem","position":3,"name":"Le Pr\u00eat \u00e0 Taux Z\u00e9ro (PTZ) reconduit jusqu&rsquo;\u00e0 fin 2023"}]},{"@type":"WebSite","@id":"https:\/\/www.espacefinance.com\/133881bdd\/#website","url":"https:\/\/www.espacefinance.com\/133881bdd\/","name":"N\u00eemes - Cr\u00e9dit Immobilier &amp; Assurances","description":"Notre expertise \u00e0 votre service en toute transparence","publisher":{"@id":"https:\/\/www.espacefinance.com\/133881bdd\/#organization"},"potentialAction":[{"@type":"SearchAction","target":{"@type":"EntryPoint","urlTemplate":"https:\/\/www.espacefinance.com\/133881bdd\/?s={search_term_string}"},"query-input":{"@type":"PropertyValueSpecification","valueRequired":true,"valueName":"search_term_string"}}],"inLanguage":"fr-FR"},{"@type":"Organization","@id":"https:\/\/www.espacefinance.com\/133881bdd\/#organization","name":"ESPACE FINANCE LP","url":"https:\/\/www.espacefinance.com\/133881bdd\/","logo":{"@type":"ImageObject","inLanguage":"fr-FR","@id":"https:\/\/www.espacefinance.com\/133881bdd\/#\/schema\/logo\/image\/","url":"https:\/\/www.espacefinance.com\/133881bdd\/wp-content\/uploads\/2022\/03\/LOGO-ESFI-YMANCI-022022.jpg","contentUrl":"https:\/\/www.espacefinance.com\/133881bdd\/wp-content\/uploads\/2022\/03\/LOGO-ESFI-YMANCI-022022.jpg","width":1273,"height":710,"caption":"ESPACE FINANCE LP"},"image":{"@id":"https:\/\/www.espacefinance.com\/133881bdd\/#\/schema\/logo\/image\/"},"sameAs":["https:\/\/www.facebook.com\/ymanci.credit.immobilier.assurance","https:\/\/x.com\/YMANCI_NIMES","https:\/\/www.instagram.com\/espacefinancelp_ymanci_nimes\/?hl=fr","https:\/\/www.linkedin.com\/showcase\/ymanci-nmes\/","https:\/\/www.youtube.com\/channel\/UC1PRm7p_QVdRMUaS_Hq6zwA"]},{"@type":"Person","@id":"https:\/\/www.espacefinance.com\/133881bdd\/#\/schema\/person\/738afd47cef28ce81cbfe952a2a21db4","name":"admin0525","image":{"@type":"ImageObject","inLanguage":"fr-FR","@id":"https:\/\/secure.gravatar.com\/avatar\/d8f5226374785993c9ad76a5358ce297ecd3750f6464f95f731e8e31b36160e2?s=96&d=mm&r=g","url":"https:\/\/secure.gravatar.com\/avatar\/d8f5226374785993c9ad76a5358ce297ecd3750f6464f95f731e8e31b36160e2?s=96&d=mm&r=g","contentUrl":"https:\/\/secure.gravatar.com\/avatar\/d8f5226374785993c9ad76a5358ce297ecd3750f6464f95f731e8e31b36160e2?s=96&d=mm&r=g","caption":"admin0525"},"sameAs":["http:\/\/www.espacefinance.com\/133881bdd","https:\/\/www.facebook.com\/ymanci.credit.immobilier.assurance","https:\/\/www.instagram.com\/espacefinancelp_ymanci_nimes\/?hl=fr","https:\/\/x.com\/https:\/\/twitter.com\/YMANCI_NIMES"],"knowsAbout":["Cr\u00e9dit Immobilier","Regroupement de Cr\u00e9dits","Assurance Emprunteur","Assurances du Particulier et du Professionnel"],"knowsLanguage":["Fran\u00e7ais"],"jobTitle":"Courtier","worksFor":"Espace Finance LP sas","url":"https:\/\/www.espacefinance.com\/133881bdd\/author\/admin0525\/"}]}},"_links":{"self":[{"href":"https:\/\/www.espacefinance.com\/133881bdd\/wp-json\/wp\/v2\/posts\/2048","targetHints":{"allow":["GET"]}}],"collection":[{"href":"https:\/\/www.espacefinance.com\/133881bdd\/wp-json\/wp\/v2\/posts"}],"about":[{"href":"https:\/\/www.espacefinance.com\/133881bdd\/wp-json\/wp\/v2\/types\/post"}],"author":[{"embeddable":true,"href":"https:\/\/www.espacefinance.com\/133881bdd\/wp-json\/wp\/v2\/users\/1"}],"replies":[{"embeddable":true,"href":"https:\/\/www.espacefinance.com\/133881bdd\/wp-json\/wp\/v2\/comments?post=2048"}],"version-history":[{"count":0,"href":"https:\/\/www.espacefinance.com\/133881bdd\/wp-json\/wp\/v2\/posts\/2048\/revisions"}],"wp:featuredmedia":[{"embeddable":true,"href":"https:\/\/www.espacefinance.com\/133881bdd\/wp-json\/wp\/v2\/media\/2049"}],"wp:attachment":[{"href":"https:\/\/www.espacefinance.com\/133881bdd\/wp-json\/wp\/v2\/media?parent=2048"}],"wp:term":[{"taxonomy":"category","embeddable":true,"href":"https:\/\/www.espacefinance.com\/133881bdd\/wp-json\/wp\/v2\/categories?post=2048"},{"taxonomy":"post_tag","embeddable":true,"href":"https:\/\/www.espacefinance.com\/133881bdd\/wp-json\/wp\/v2\/tags?post=2048"}],"curies":[{"name":"wp","href":"https:\/\/api.w.org\/{rel}","templated":true}]}}