{"id":1313,"date":"2022-03-15T18:40:34","date_gmt":"2022-03-15T17:40:34","guid":{"rendered":"https:\/\/www.espacefinance.com\/133881bdd\/?p=1313"},"modified":"2022-03-15T18:43:25","modified_gmt":"2022-03-15T17:43:25","slug":"ma-prime-renov-economies-energies","status":"publish","type":"post","link":"https:\/\/www.espacefinance.com\/133881bdd\/ma-prime-renov-economies-energies\/","title":{"rendered":"R\u00e9novation \u00e9nerg\u00e9tique : MaPrimeR\u00e9nov\u2019"},"content":{"rendered":"\n<p class=\"has-large-font-size\">accessible \u00e0 tous les propri\u00e9taires depuis 2021<\/p>\n\n\n\n<h2 class=\"wp-block-heading\">Qu\u2019est-ce que MaPrimeR\u00e9nov ?<\/h2>\n\n\n\n<p id=\"travaux-\u00e9conomies-\u00e9nergies\">Destin\u00e9e \u00e0&nbsp;<a href=\"https:\/\/ymanci.fr\/projets-travaux-voiture\/actualites\/projets-travaux-voiture\/page\/financer-travaux\">financer les travaux<\/a>&nbsp;visant \u00e0&nbsp;<strong>am\u00e9liorer la performance \u00e9nerg\u00e9tique<\/strong>&nbsp;d\u2019un logement, cette prime est venue remplacer d\u00e8s le 1er janvier 2020 le dispositif Habiter Mieux Agilit\u00e9 de l\u2019Anah ainsi que le Cr\u00e9dit d&rsquo;imp\u00f4t pour la transition \u00e9nerg\u00e9tique (CITE).<\/p>\n\n\n\n<hr class=\"wp-block-separator aligncenter\"\/>\n\n\n\n<div class=\"wp-block-image\"><figure class=\"aligncenter size-large is-resized\"><a href=\"https:\/\/www.espacefinance.com\/133881bdd\/financement-immobilier-travaux-professionnel-particulier\/pret-travaux\/\" target=\"_blank\" rel=\"noopener\"><img decoding=\"async\" src=\"https:\/\/www.espacefinance.com\/133881bdd\/wp-content\/uploads\/2022\/03\/TRAVAUX-RENOV-YMANCI-CI-1024x538.png\" alt=\"Travaux de R\u00e9novation\" class=\"wp-image-1315\" width=\"512\" height=\"269\" srcset=\"https:\/\/www.espacefinance.com\/133881bdd\/wp-content\/uploads\/2022\/03\/TRAVAUX-RENOV-YMANCI-CI-1024x538.png 1024w, https:\/\/www.espacefinance.com\/133881bdd\/wp-content\/uploads\/2022\/03\/TRAVAUX-RENOV-YMANCI-CI-300x158.png 300w, https:\/\/www.espacefinance.com\/133881bdd\/wp-content\/uploads\/2022\/03\/TRAVAUX-RENOV-YMANCI-CI-768x403.png 768w, https:\/\/www.espacefinance.com\/133881bdd\/wp-content\/uploads\/2022\/03\/TRAVAUX-RENOV-YMANCI-CI.png 1200w\" sizes=\"(max-width: 512px) 100vw, 512px\" \/><\/a><figcaption><a href=\"https:\/\/www.espacefinance.com\/133881bdd\/financement-immobilier-travaux-professionnel-particulier\/pret-travaux\/\" target=\"_blank\" rel=\"noreferrer noopener\">https:\/\/www.espacefinance.com\/133881bdd\/financement-immobilier-travaux-professionnel-particulier\/pret-travaux\/<\/a>Travaux de r\u00e9novation -Economies d&rsquo;Energies<\/figcaption><\/figure><\/div>\n\n\n\n<h2 class=\"wp-block-heading\">Qui peut b\u00e9n\u00e9ficier de cette prime \u00e0 la r\u00e9novation \u00e9nerg\u00e9tique ?<\/h2>\n\n\n\n<div class=\"wp-block-group\"><div class=\"wp-block-group__inner-container is-layout-flow wp-block-group-is-layout-flow\">\n<div class=\"wp-block-group\"><div class=\"wp-block-group__inner-container is-layout-flow wp-block-group-is-layout-flow\">\n<p>Au 1er janvier 2021, la prime va \u00e9voluer. D\u00e9j\u00e0 accessible aux propri\u00e9taires occupants, la prime \u00e0 la r\u00e9novation \u00e9nerg\u00e9tique est d\u00e9sormais ouverte aux propri\u00e9taires bailleurs (personne physique ou morale qui met \u00e0 disposition d\u2019un locataire son bien immobilier en contrepartie d\u2019un loyer) et aux copropri\u00e9t\u00e9s&nbsp;:<\/p>\n\n\n\n<p id=\"\u00e9conomies-energies\">Les propri\u00e9taires bailleurs pourront en b\u00e9n\u00e9ficier que ce soit sur les maisons individuelles ou sur les parties privatives des logements en copropri\u00e9t\u00e9 et ce sur trois logements au maximum.&nbsp;<strong>MaPrimeR\u00e9nov&rsquo;<\/strong>&nbsp;sera \u00e9galement ouvert aux copropri\u00e9t\u00e9s sous r\u00e9serve que celles-ci soient compos\u00e9es majoritairement de r\u00e9sidences principales (75%) et que la r\u00e9novation engendre un gain \u00e9nerg\u00e9tique de 35%.<\/p>\n<\/div><\/div>\n<\/div><\/div>\n\n\n\n<hr class=\"wp-block-separator aligncenter\"\/>\n\n\n\n<h2 class=\"wp-block-heading\">Quelles conditions ?<\/h2>\n\n\n\n<ul class=\"wp-block-list\"><li>\u00catre propri\u00e9taire d\u2019un logement dont la construction est achev\u00e9e depuis au moins 2 ans (\u00e0 la date du d\u00e9but des travaux).<\/li><li>Les travaux devront \u00eatre r\u00e9alis\u00e9s par des soci\u00e9t\u00e9s&nbsp;Reconnues Garantes de l\u2019Environnement (RGE). Retrouvez la liste des soci\u00e9t\u00e9s RGE en cliquant&nbsp;<a href=\"https:\/\/www.faire.gouv.fr\/trouvez-un-professionnel\">ici<\/a>&nbsp;<\/li><li>Les travaux de r\u00e9novation faisant l\u2019objet d\u2019un devis sign\u00e9 apr\u00e8s le 1er octobre seront \u00e9ligibles \u00e0&nbsp;<strong>MaPrimeR\u00e9nov\u2019<\/strong>. La demande d\u2019aide pourra quant \u00e0 elle \u00eatre d\u00e9pos\u00e9e d\u00e8s le 1er janvier 2021 pour les propri\u00e9taires occupants et les copropri\u00e9t\u00e9s, et d\u00e8s le 1er juillet 2021 pour les propri\u00e9taires bailleurs. Pour d\u00e9poser une demander, rendez-vous sur le site de&nbsp;<a href=\"https:\/\/www.maprimerenov.gouv.fr\/\">MaprimeR\u00e9nov&rsquo;<\/a>&nbsp;<\/li><\/ul>\n\n\n\n<hr class=\"wp-block-separator aligncenter\"\/>\n\n\n\n<h2 class=\"wp-block-heading\">Quel montant ?<\/h2>\n\n\n\n<div class=\"wp-block-group\"><div class=\"wp-block-group__inner-container is-layout-flow wp-block-group-is-layout-flow\">\n<p>Le montant de la prime&nbsp;<strong>MaPrimeR\u00e9nov\u2019<\/strong>&nbsp;sera calcul\u00e9e en fonction des revenus du foyer (5 profils d\u00e9finis dont un r\u00e9serv\u00e9 aux copropri\u00e9t\u00e9s), des travaux entrepris (chaudi\u00e8re, chauffe-eau, pompe \u00e0 chaleur, isolation&#8230;) et de la localisation du logement (provinces ou \u00cele de France). Le profil bleu&nbsp;correspond aux m\u00e9nages les plus modestes qui b\u00e9n\u00e9ficient d\u2019une aide pouvant aller jusqu\u2019\u00e0 90% du devis. Quant aux profils jaune,&nbsp;violet&nbsp;et&nbsp;rose, ils&nbsp;repr\u00e9sentent les foyers plus ais\u00e9s qui peuvent respectivement profiter d\u2019une aide de 75%, 60% et 40% du montant du devis. Cette&nbsp;<strong>aide \u00e0 la r\u00e9novation \u00e9nerg\u00e9tique<\/strong>&nbsp;est vers\u00e9e par l\u2019Agence Nationale pour l\u2019Habitat (Anah) et peut atteindre jusqu\u2019\u00e0 20&nbsp;000\u20ac.<\/p>\n\n\n\n<p>En compl\u00e9ment, il vous est possible de cumuler cette prime \u00e0 la r\u00e9novation \u00e9nerg\u00e9tique avec d\u2019autres aides financi\u00e8res publiques et priv\u00e9es pour la r\u00e9novation \u00e9nerg\u00e9tique (aides de vos collectivit\u00e9s locales, Certificats d\u2019\u00c9conomie d\u2019\u00c9nergie, \u00ab&nbsp;primes \u00c9nergie&nbsp;\u00bb,\u2026). Pour savoir ce \u00e0 quoi vous avez droit, effectuez votre simulation&nbsp;<a href=\"https:\/\/www.faire.gouv.fr\/aides-de-financement\/simulaides\">ici<\/a>&nbsp;<br>&nbsp;<\/p>\n<\/div><\/div>\n\n\n\n<hr class=\"wp-block-separator aligncenter\"\/>\n\n\n\n<h2 class=\"wp-block-heading\">Quels travaux ?<\/h2>\n\n\n\n<p>Voici des exemples de&nbsp;<strong>travaux de r\u00e9novation \u00e9nerg\u00e9tique<\/strong>&nbsp;concern\u00e9s :<\/p>\n\n\n\n<ul class=\"wp-block-list\"><li>Audit \u00e9nerg\u00e9tique<\/li><li>Isolation thermique des parois vitr\u00e9es (fen\u00eatres, baies vitr\u00e9es\u2026)<\/li><li>Remplacement d&rsquo;un ancien convecteur par un radiateur \u00e9lectrique performant<\/li><li>Po\u00eale \u00e0 bois ou \u00e0 granul\u00e9s<\/li><li>Chauffe-eau solaire ou thermodynamique<\/li><li>Chaudi\u00e8re \u00e0 granul\u00e9s, \u00e0 b\u00fbches, \u00e0 gaz \u00e0 tr\u00e8s haute performance<\/li><li>Pompes \u00e0 chaleur<\/li><li>Installation d\u2019un thermostat \u00e0 r\u00e9gulation performantes<\/li><li>Isolation des murs par l\u2019ext\u00e9rieur et\/ou par l\u2019int\u00e9rieur, des combles, des planchers<\/li><li>Ventilation M\u00e9canique Contr\u00f4l\u00e9e (VMC) \u00e0 double flux<\/li><li>Borne de charge d&rsquo;un v\u00e9hicule \u00e9lectrique<\/li><li>\u2026<\/li><\/ul>\n\n\n\n<p>D\u00e9couvrez tous les travaux \u00e9ligibles en cliquant&nbsp;<a target=\"_blank\" href=\"https:\/\/www.dossierfamilial.com\/immobilier-logement\/travaux\/ma-prime-renov-bareme-et-montants-des-aides-pour-vos-travaux-876048\" rel=\"noreferrer noopener\">ici<\/a><br>&nbsp;<\/p>\n\n\n\n<p>Source&nbsp;:&nbsp;<a href=\"https:\/\/www.maprimerenov.gouv.fr\/%C2%A0\" target=\"_blank\" rel=\"noreferrer noopener\">https:\/\/www.maprimerenov.gouv.fr\/&nbsp;<\/a><\/p>\n","protected":false},"excerpt":{"rendered":"<p>accessible \u00e0 tous les propri\u00e9taires depuis 2021 Qu\u2019est-ce que MaPrimeR\u00e9nov ? Destin\u00e9e \u00e0&nbsp;financer les travaux&nbsp;visant \u00e0&nbsp;am\u00e9liorer la performance \u00e9nerg\u00e9tique&nbsp;d\u2019un logement, cette prime est venue remplacer d\u00e8s le 1er janvier 2020 le dispositif Habiter Mieux Agilit\u00e9 de l\u2019Anah ainsi que le Cr\u00e9dit d&rsquo;imp\u00f4t pour la transition \u00e9nerg\u00e9tique (CITE). Qui peut b\u00e9n\u00e9ficier de cette prime \u00e0 la [&hellip;]<\/p>\n","protected":false},"author":1,"featured_media":1315,"comment_status":"open","ping_status":"closed","sticky":false,"template":"","format":"standard","meta":{"footnotes":""},"categories":[9],"tags":[],"class_list":["post-1313","post","type-post","status-publish","format-standard","has-post-thumbnail","hentry","category-travaux"],"yoast_head":"<!-- This site is optimized with the Yoast SEO Premium plugin v20.0 (Yoast SEO v27.5) - https:\/\/yoast.com\/product\/yoast-seo-premium-wordpress\/ -->\n<title>R\u00e9noivation Energ\u00e9tique Ymanci N\u00eemes<\/title>\n<meta name=\"description\" content=\"Au 1er janvier 2021, la prime va \u00e9voluer. D\u00e9j\u00e0 accessible aux propri\u00e9taires occupants, la prime \u00e0 la r\u00e9novation \u00e9nerg\u00e9tique est d\u00e9sormais ouverte aux propri\u00e9taires bailleurs (personne physique ou morale qui met \u00e0 disposition d\u2019un locataire son bien immobilier en contrepartie d\u2019un loyer) et aux copropri\u00e9t\u00e9s\u00a0:Les propri\u00e9taires bailleurs pourront en b\u00e9n\u00e9ficier que ce soit sur les maisons individuelles ou sur les parties privatives des logements en copropri\u00e9t\u00e9 et ce sur trois logements au maximum.\u00a0MaPrimeR\u00e9nov&#039;\u00a0sera \u00e9galement ouvert aux copropri\u00e9t\u00e9s sous r\u00e9serve que celles-ci soient compos\u00e9es majoritairement de r\u00e9sidences principales (75%) et que la r\u00e9novation engendre un gain \u00e9nerg\u00e9tique de 35%.\" \/>\n<meta name=\"robots\" content=\"index, follow, max-snippet:-1, max-image-preview:large, max-video-preview:-1\" \/>\n<link rel=\"canonical\" href=\"https:\/\/www.espacefinance.com\/133881bdd\/ma-prime-renov-economies-energies\/\" \/>\n<meta property=\"og:locale\" content=\"fr_FR\" \/>\n<meta property=\"og:type\" content=\"article\" \/>\n<meta property=\"og:title\" content=\"Travaux de R\u00e9novation N\u00eemes - Cr\u00e9dit Immobilier &amp; Assurances R\u00e9novation \u00e9nerg\u00e9tique : MaPrimeR\u00e9nov\u2019\" \/>\n<meta property=\"og:description\" content=\"Destin\u00e9e \u00e0\u00a0financer les travaux\u00a0visant \u00e0\u00a0am\u00e9liorer la performance \u00e9nerg\u00e9tique\u00a0d\u2019un logement, cette prime est venue remplacer d\u00e8s le 1er janvier 2020 le dispositif Habiter Mieux Agilit\u00e9 de l\u2019Anah ainsi que le Cr\u00e9dit d&#039;imp\u00f4t pour la transition \u00e9nerg\u00e9tique (CITE).\" \/>\n<meta property=\"og:url\" content=\"https:\/\/www.espacefinance.com\/133881bdd\/ma-prime-renov-economies-energies\/\" \/>\n<meta property=\"og:site_name\" content=\"N\u00eemes - Cr\u00e9dit Immobilier &amp; Assurances\" \/>\n<meta property=\"article:publisher\" content=\"https:\/\/www.facebook.com\/ymanci.credit.immobilier.assurance\" \/>\n<meta property=\"article:author\" content=\"https:\/\/www.facebook.com\/ymanci.credit.immobilier.assurance\" \/>\n<meta property=\"article:published_time\" content=\"2022-03-15T17:40:34+00:00\" \/>\n<meta property=\"article:modified_time\" content=\"2022-03-15T17:43:25+00:00\" \/>\n<meta property=\"og:image\" content=\"https:\/\/www.espacefinance.com\/133881bdd\/wp-content\/uploads\/2022\/03\/TRAVAUX-RENOV-YMANCI-CI.png\" \/>\n\t<meta property=\"og:image:width\" content=\"1200\" \/>\n\t<meta property=\"og:image:height\" content=\"630\" \/>\n\t<meta property=\"og:image:type\" content=\"image\/png\" \/>\n<meta name=\"author\" content=\"admin0525\" \/>\n<meta name=\"twitter:card\" content=\"summary_large_image\" \/>\n<meta name=\"twitter:title\" content=\"R\u00e9novation \u00e9nerg\u00e9tique : MaPrimeR\u00e9nov\u2019\" \/>\n<meta name=\"twitter:description\" content=\"N\u00eemes - Cr\u00e9dit Immobilier &amp; Assurances R\u00e9novation \u00e9nerg\u00e9tique : MaPrimeR\u00e9nov\u2019 Travaux\" \/>\n<meta name=\"twitter:creator\" content=\"@https:\/\/twitter.com\/YMANCI_NIMES\" \/>\n<meta name=\"twitter:site\" content=\"@YMANCI_NIMES\" \/>\n<meta name=\"twitter:label1\" content=\"\u00c9crit par\" \/>\n\t<meta name=\"twitter:data1\" content=\"admin0525\" \/>\n\t<meta name=\"twitter:label2\" content=\"Dur\u00e9e de lecture estim\u00e9e\" \/>\n\t<meta name=\"twitter:data2\" content=\"3 minutes\" \/>\n<script type=\"application\/ld+json\" class=\"yoast-schema-graph\">{\"@context\":\"https:\\\/\\\/schema.org\",\"@graph\":[{\"@type\":\"Article\",\"@id\":\"https:\\\/\\\/www.espacefinance.com\\\/133881bdd\\\/ma-prime-renov-economies-energies\\\/#article\",\"isPartOf\":{\"@id\":\"https:\\\/\\\/www.espacefinance.com\\\/133881bdd\\\/ma-prime-renov-economies-energies\\\/\"},\"author\":{\"name\":\"admin0525\",\"@id\":\"https:\\\/\\\/www.espacefinance.com\\\/133881bdd\\\/#\\\/schema\\\/person\\\/738afd47cef28ce81cbfe952a2a21db4\"},\"headline\":\"R\u00e9novation \u00e9nerg\u00e9tique : MaPrimeR\u00e9nov\u2019\",\"datePublished\":\"2022-03-15T17:40:34+00:00\",\"dateModified\":\"2022-03-15T17:43:25+00:00\",\"mainEntityOfPage\":{\"@id\":\"https:\\\/\\\/www.espacefinance.com\\\/133881bdd\\\/ma-prime-renov-economies-energies\\\/\"},\"wordCount\":662,\"commentCount\":0,\"publisher\":{\"@id\":\"https:\\\/\\\/www.espacefinance.com\\\/133881bdd\\\/#organization\"},\"image\":{\"@id\":\"https:\\\/\\\/www.espacefinance.com\\\/133881bdd\\\/ma-prime-renov-economies-energies\\\/#primaryimage\"},\"thumbnailUrl\":\"https:\\\/\\\/www.espacefinance.com\\\/133881bdd\\\/wp-content\\\/uploads\\\/2022\\\/03\\\/TRAVAUX-RENOV-YMANCI-CI.png\",\"articleSection\":[\"Travaux\"],\"inLanguage\":\"fr-FR\",\"potentialAction\":[{\"@type\":\"CommentAction\",\"name\":\"Comment\",\"target\":[\"https:\\\/\\\/www.espacefinance.com\\\/133881bdd\\\/ma-prime-renov-economies-energies\\\/#respond\"]}]},{\"@type\":\"WebPage\",\"@id\":\"https:\\\/\\\/www.espacefinance.com\\\/133881bdd\\\/ma-prime-renov-economies-energies\\\/\",\"url\":\"https:\\\/\\\/www.espacefinance.com\\\/133881bdd\\\/ma-prime-renov-economies-energies\\\/\",\"name\":\"R\u00e9noivation Energ\u00e9tique Ymanci N\u00eemes\",\"isPartOf\":{\"@id\":\"https:\\\/\\\/www.espacefinance.com\\\/133881bdd\\\/#website\"},\"primaryImageOfPage\":{\"@id\":\"https:\\\/\\\/www.espacefinance.com\\\/133881bdd\\\/ma-prime-renov-economies-energies\\\/#primaryimage\"},\"image\":{\"@id\":\"https:\\\/\\\/www.espacefinance.com\\\/133881bdd\\\/ma-prime-renov-economies-energies\\\/#primaryimage\"},\"thumbnailUrl\":\"https:\\\/\\\/www.espacefinance.com\\\/133881bdd\\\/wp-content\\\/uploads\\\/2022\\\/03\\\/TRAVAUX-RENOV-YMANCI-CI.png\",\"datePublished\":\"2022-03-15T17:40:34+00:00\",\"dateModified\":\"2022-03-15T17:43:25+00:00\",\"description\":\"Au 1er janvier 2021, la prime va \u00e9voluer. D\u00e9j\u00e0 accessible aux propri\u00e9taires occupants, la prime \u00e0 la r\u00e9novation \u00e9nerg\u00e9tique est d\u00e9sormais ouverte aux propri\u00e9taires bailleurs (personne physique ou morale qui met \u00e0 disposition d\u2019un locataire son bien immobilier en contrepartie d\u2019un loyer) et aux copropri\u00e9t\u00e9s\u00a0:Les propri\u00e9taires bailleurs pourront en b\u00e9n\u00e9ficier que ce soit sur les maisons individuelles ou sur les parties privatives des logements en copropri\u00e9t\u00e9 et ce sur trois logements au maximum.\u00a0MaPrimeR\u00e9nov'\u00a0sera \u00e9galement ouvert aux copropri\u00e9t\u00e9s sous r\u00e9serve que celles-ci soient compos\u00e9es majoritairement de r\u00e9sidences principales (75%) et que la r\u00e9novation engendre un gain \u00e9nerg\u00e9tique de 35%.\",\"breadcrumb\":{\"@id\":\"https:\\\/\\\/www.espacefinance.com\\\/133881bdd\\\/ma-prime-renov-economies-energies\\\/#breadcrumb\"},\"inLanguage\":\"fr-FR\",\"potentialAction\":[{\"@type\":\"ReadAction\",\"target\":[\"https:\\\/\\\/www.espacefinance.com\\\/133881bdd\\\/ma-prime-renov-economies-energies\\\/\"]}]},{\"@type\":\"ImageObject\",\"inLanguage\":\"fr-FR\",\"@id\":\"https:\\\/\\\/www.espacefinance.com\\\/133881bdd\\\/ma-prime-renov-economies-energies\\\/#primaryimage\",\"url\":\"https:\\\/\\\/www.espacefinance.com\\\/133881bdd\\\/wp-content\\\/uploads\\\/2022\\\/03\\\/TRAVAUX-RENOV-YMANCI-CI.png\",\"contentUrl\":\"https:\\\/\\\/www.espacefinance.com\\\/133881bdd\\\/wp-content\\\/uploads\\\/2022\\\/03\\\/TRAVAUX-RENOV-YMANCI-CI.png\",\"width\":1200,\"height\":630,\"caption\":\"Travaux de r\u00e9novation -Economies d'Energies\"},{\"@type\":\"BreadcrumbList\",\"@id\":\"https:\\\/\\\/www.espacefinance.com\\\/133881bdd\\\/ma-prime-renov-economies-energies\\\/#breadcrumb\",\"itemListElement\":[{\"@type\":\"ListItem\",\"position\":1,\"name\":\"Accueil\",\"item\":\"https:\\\/\\\/www.espacefinance.com\\\/133881bdd\\\/\"},{\"@type\":\"ListItem\",\"position\":2,\"name\":\"Travaux\",\"item\":\"https:\\\/\\\/www.espacefinance.com\\\/133881bdd\\\/category\\\/travaux\\\/\"},{\"@type\":\"ListItem\",\"position\":3,\"name\":\"R\u00e9novation \u00e9nerg\u00e9tique : MaPrimeR\u00e9nov\u2019\"}]},{\"@type\":\"WebSite\",\"@id\":\"https:\\\/\\\/www.espacefinance.com\\\/133881bdd\\\/#website\",\"url\":\"https:\\\/\\\/www.espacefinance.com\\\/133881bdd\\\/\",\"name\":\"N\u00eemes - Cr\u00e9dit Immobilier &amp; Assurances\",\"description\":\"Notre expertise \u00e0 votre service en toute transparence\",\"publisher\":{\"@id\":\"https:\\\/\\\/www.espacefinance.com\\\/133881bdd\\\/#organization\"},\"potentialAction\":[{\"@type\":\"SearchAction\",\"target\":{\"@type\":\"EntryPoint\",\"urlTemplate\":\"https:\\\/\\\/www.espacefinance.com\\\/133881bdd\\\/?s={search_term_string}\"},\"query-input\":{\"@type\":\"PropertyValueSpecification\",\"valueRequired\":true,\"valueName\":\"search_term_string\"}}],\"inLanguage\":\"fr-FR\"},{\"@type\":\"Organization\",\"@id\":\"https:\\\/\\\/www.espacefinance.com\\\/133881bdd\\\/#organization\",\"name\":\"ESPACE FINANCE LP\",\"url\":\"https:\\\/\\\/www.espacefinance.com\\\/133881bdd\\\/\",\"logo\":{\"@type\":\"ImageObject\",\"inLanguage\":\"fr-FR\",\"@id\":\"https:\\\/\\\/www.espacefinance.com\\\/133881bdd\\\/#\\\/schema\\\/logo\\\/image\\\/\",\"url\":\"https:\\\/\\\/www.espacefinance.com\\\/133881bdd\\\/wp-content\\\/uploads\\\/2022\\\/03\\\/LOGO-ESFI-YMANCI-022022.jpg\",\"contentUrl\":\"https:\\\/\\\/www.espacefinance.com\\\/133881bdd\\\/wp-content\\\/uploads\\\/2022\\\/03\\\/LOGO-ESFI-YMANCI-022022.jpg\",\"width\":1273,\"height\":710,\"caption\":\"ESPACE FINANCE LP\"},\"image\":{\"@id\":\"https:\\\/\\\/www.espacefinance.com\\\/133881bdd\\\/#\\\/schema\\\/logo\\\/image\\\/\"},\"sameAs\":[\"https:\\\/\\\/www.facebook.com\\\/ymanci.credit.immobilier.assurance\",\"https:\\\/\\\/x.com\\\/YMANCI_NIMES\",\"https:\\\/\\\/www.instagram.com\\\/espacefinancelp_ymanci_nimes\\\/?hl=fr\",\"https:\\\/\\\/www.linkedin.com\\\/showcase\\\/ymanci-nmes\\\/\",\"https:\\\/\\\/www.youtube.com\\\/channel\\\/UC1PRm7p_QVdRMUaS_Hq6zwA\"]},{\"@type\":\"Person\",\"@id\":\"https:\\\/\\\/www.espacefinance.com\\\/133881bdd\\\/#\\\/schema\\\/person\\\/738afd47cef28ce81cbfe952a2a21db4\",\"name\":\"admin0525\",\"image\":{\"@type\":\"ImageObject\",\"inLanguage\":\"fr-FR\",\"@id\":\"https:\\\/\\\/secure.gravatar.com\\\/avatar\\\/d8f5226374785993c9ad76a5358ce297ecd3750f6464f95f731e8e31b36160e2?s=96&d=mm&r=g\",\"url\":\"https:\\\/\\\/secure.gravatar.com\\\/avatar\\\/d8f5226374785993c9ad76a5358ce297ecd3750f6464f95f731e8e31b36160e2?s=96&d=mm&r=g\",\"contentUrl\":\"https:\\\/\\\/secure.gravatar.com\\\/avatar\\\/d8f5226374785993c9ad76a5358ce297ecd3750f6464f95f731e8e31b36160e2?s=96&d=mm&r=g\",\"caption\":\"admin0525\"},\"sameAs\":[\"http:\\\/\\\/www.espacefinance.com\\\/133881bdd\",\"https:\\\/\\\/www.facebook.com\\\/ymanci.credit.immobilier.assurance\",\"https:\\\/\\\/www.instagram.com\\\/espacefinancelp_ymanci_nimes\\\/?hl=fr\",\"https:\\\/\\\/x.com\\\/https:\\\/\\\/twitter.com\\\/YMANCI_NIMES\"],\"knowsAbout\":[\"Cr\u00e9dit Immobilier\",\"Regroupement de Cr\u00e9dits\",\"Assurance Emprunteur\",\"Assurances du Particulier et du Professionnel\"],\"knowsLanguage\":[\"Fran\u00e7ais\"],\"jobTitle\":\"Courtier\",\"worksFor\":\"Espace Finance LP sas\",\"url\":\"https:\\\/\\\/www.espacefinance.com\\\/133881bdd\\\/author\\\/admin0525\\\/\"}]}<\/script>\n<!-- \/ Yoast SEO Premium plugin. -->","yoast_head_json":{"title":"R\u00e9noivation Energ\u00e9tique Ymanci N\u00eemes","description":"Au 1er janvier 2021, la prime va \u00e9voluer. D\u00e9j\u00e0 accessible aux propri\u00e9taires occupants, la prime \u00e0 la r\u00e9novation \u00e9nerg\u00e9tique est d\u00e9sormais ouverte aux propri\u00e9taires bailleurs (personne physique ou morale qui met \u00e0 disposition d\u2019un locataire son bien immobilier en contrepartie d\u2019un loyer) et aux copropri\u00e9t\u00e9s\u00a0:Les propri\u00e9taires bailleurs pourront en b\u00e9n\u00e9ficier que ce soit sur les maisons individuelles ou sur les parties privatives des logements en copropri\u00e9t\u00e9 et ce sur trois logements au maximum.\u00a0MaPrimeR\u00e9nov'\u00a0sera \u00e9galement ouvert aux copropri\u00e9t\u00e9s sous r\u00e9serve que celles-ci soient compos\u00e9es majoritairement de r\u00e9sidences principales (75%) et que la r\u00e9novation engendre un gain \u00e9nerg\u00e9tique de 35%.","robots":{"index":"index","follow":"follow","max-snippet":"max-snippet:-1","max-image-preview":"max-image-preview:large","max-video-preview":"max-video-preview:-1"},"canonical":"https:\/\/www.espacefinance.com\/133881bdd\/ma-prime-renov-economies-energies\/","og_locale":"fr_FR","og_type":"article","og_title":"Travaux de R\u00e9novation N\u00eemes - Cr\u00e9dit Immobilier &amp; Assurances R\u00e9novation \u00e9nerg\u00e9tique : MaPrimeR\u00e9nov\u2019","og_description":"Destin\u00e9e \u00e0\u00a0financer les travaux\u00a0visant \u00e0\u00a0am\u00e9liorer la performance \u00e9nerg\u00e9tique\u00a0d\u2019un logement, cette prime est venue remplacer d\u00e8s le 1er janvier 2020 le dispositif Habiter Mieux Agilit\u00e9 de l\u2019Anah ainsi que le Cr\u00e9dit d'imp\u00f4t pour la transition \u00e9nerg\u00e9tique (CITE).","og_url":"https:\/\/www.espacefinance.com\/133881bdd\/ma-prime-renov-economies-energies\/","og_site_name":"N\u00eemes - Cr\u00e9dit Immobilier &amp; Assurances","article_publisher":"https:\/\/www.facebook.com\/ymanci.credit.immobilier.assurance","article_author":"https:\/\/www.facebook.com\/ymanci.credit.immobilier.assurance","article_published_time":"2022-03-15T17:40:34+00:00","article_modified_time":"2022-03-15T17:43:25+00:00","og_image":[{"width":1200,"height":630,"url":"https:\/\/www.espacefinance.com\/133881bdd\/wp-content\/uploads\/2022\/03\/TRAVAUX-RENOV-YMANCI-CI.png","type":"image\/png"}],"author":"admin0525","twitter_card":"summary_large_image","twitter_title":"R\u00e9novation \u00e9nerg\u00e9tique : MaPrimeR\u00e9nov\u2019","twitter_description":"N\u00eemes - Cr\u00e9dit Immobilier &amp; Assurances R\u00e9novation \u00e9nerg\u00e9tique : MaPrimeR\u00e9nov\u2019 Travaux","twitter_creator":"@https:\/\/twitter.com\/YMANCI_NIMES","twitter_site":"@YMANCI_NIMES","twitter_misc":{"\u00c9crit par":"admin0525","Dur\u00e9e de lecture estim\u00e9e":"3 minutes"},"schema":{"@context":"https:\/\/schema.org","@graph":[{"@type":"Article","@id":"https:\/\/www.espacefinance.com\/133881bdd\/ma-prime-renov-economies-energies\/#article","isPartOf":{"@id":"https:\/\/www.espacefinance.com\/133881bdd\/ma-prime-renov-economies-energies\/"},"author":{"name":"admin0525","@id":"https:\/\/www.espacefinance.com\/133881bdd\/#\/schema\/person\/738afd47cef28ce81cbfe952a2a21db4"},"headline":"R\u00e9novation \u00e9nerg\u00e9tique : MaPrimeR\u00e9nov\u2019","datePublished":"2022-03-15T17:40:34+00:00","dateModified":"2022-03-15T17:43:25+00:00","mainEntityOfPage":{"@id":"https:\/\/www.espacefinance.com\/133881bdd\/ma-prime-renov-economies-energies\/"},"wordCount":662,"commentCount":0,"publisher":{"@id":"https:\/\/www.espacefinance.com\/133881bdd\/#organization"},"image":{"@id":"https:\/\/www.espacefinance.com\/133881bdd\/ma-prime-renov-economies-energies\/#primaryimage"},"thumbnailUrl":"https:\/\/www.espacefinance.com\/133881bdd\/wp-content\/uploads\/2022\/03\/TRAVAUX-RENOV-YMANCI-CI.png","articleSection":["Travaux"],"inLanguage":"fr-FR","potentialAction":[{"@type":"CommentAction","name":"Comment","target":["https:\/\/www.espacefinance.com\/133881bdd\/ma-prime-renov-economies-energies\/#respond"]}]},{"@type":"WebPage","@id":"https:\/\/www.espacefinance.com\/133881bdd\/ma-prime-renov-economies-energies\/","url":"https:\/\/www.espacefinance.com\/133881bdd\/ma-prime-renov-economies-energies\/","name":"R\u00e9noivation Energ\u00e9tique Ymanci N\u00eemes","isPartOf":{"@id":"https:\/\/www.espacefinance.com\/133881bdd\/#website"},"primaryImageOfPage":{"@id":"https:\/\/www.espacefinance.com\/133881bdd\/ma-prime-renov-economies-energies\/#primaryimage"},"image":{"@id":"https:\/\/www.espacefinance.com\/133881bdd\/ma-prime-renov-economies-energies\/#primaryimage"},"thumbnailUrl":"https:\/\/www.espacefinance.com\/133881bdd\/wp-content\/uploads\/2022\/03\/TRAVAUX-RENOV-YMANCI-CI.png","datePublished":"2022-03-15T17:40:34+00:00","dateModified":"2022-03-15T17:43:25+00:00","description":"Au 1er janvier 2021, la prime va \u00e9voluer. D\u00e9j\u00e0 accessible aux propri\u00e9taires occupants, la prime \u00e0 la r\u00e9novation \u00e9nerg\u00e9tique est d\u00e9sormais ouverte aux propri\u00e9taires bailleurs (personne physique ou morale qui met \u00e0 disposition d\u2019un locataire son bien immobilier en contrepartie d\u2019un loyer) et aux copropri\u00e9t\u00e9s\u00a0:Les propri\u00e9taires bailleurs pourront en b\u00e9n\u00e9ficier que ce soit sur les maisons individuelles ou sur les parties privatives des logements en copropri\u00e9t\u00e9 et ce sur trois logements au maximum.\u00a0MaPrimeR\u00e9nov'\u00a0sera \u00e9galement ouvert aux copropri\u00e9t\u00e9s sous r\u00e9serve que celles-ci soient compos\u00e9es majoritairement de r\u00e9sidences principales (75%) et que la r\u00e9novation engendre un gain \u00e9nerg\u00e9tique de 35%.","breadcrumb":{"@id":"https:\/\/www.espacefinance.com\/133881bdd\/ma-prime-renov-economies-energies\/#breadcrumb"},"inLanguage":"fr-FR","potentialAction":[{"@type":"ReadAction","target":["https:\/\/www.espacefinance.com\/133881bdd\/ma-prime-renov-economies-energies\/"]}]},{"@type":"ImageObject","inLanguage":"fr-FR","@id":"https:\/\/www.espacefinance.com\/133881bdd\/ma-prime-renov-economies-energies\/#primaryimage","url":"https:\/\/www.espacefinance.com\/133881bdd\/wp-content\/uploads\/2022\/03\/TRAVAUX-RENOV-YMANCI-CI.png","contentUrl":"https:\/\/www.espacefinance.com\/133881bdd\/wp-content\/uploads\/2022\/03\/TRAVAUX-RENOV-YMANCI-CI.png","width":1200,"height":630,"caption":"Travaux de r\u00e9novation -Economies d'Energies"},{"@type":"BreadcrumbList","@id":"https:\/\/www.espacefinance.com\/133881bdd\/ma-prime-renov-economies-energies\/#breadcrumb","itemListElement":[{"@type":"ListItem","position":1,"name":"Accueil","item":"https:\/\/www.espacefinance.com\/133881bdd\/"},{"@type":"ListItem","position":2,"name":"Travaux","item":"https:\/\/www.espacefinance.com\/133881bdd\/category\/travaux\/"},{"@type":"ListItem","position":3,"name":"R\u00e9novation \u00e9nerg\u00e9tique : MaPrimeR\u00e9nov\u2019"}]},{"@type":"WebSite","@id":"https:\/\/www.espacefinance.com\/133881bdd\/#website","url":"https:\/\/www.espacefinance.com\/133881bdd\/","name":"N\u00eemes - Cr\u00e9dit Immobilier &amp; Assurances","description":"Notre expertise \u00e0 votre service en toute transparence","publisher":{"@id":"https:\/\/www.espacefinance.com\/133881bdd\/#organization"},"potentialAction":[{"@type":"SearchAction","target":{"@type":"EntryPoint","urlTemplate":"https:\/\/www.espacefinance.com\/133881bdd\/?s={search_term_string}"},"query-input":{"@type":"PropertyValueSpecification","valueRequired":true,"valueName":"search_term_string"}}],"inLanguage":"fr-FR"},{"@type":"Organization","@id":"https:\/\/www.espacefinance.com\/133881bdd\/#organization","name":"ESPACE FINANCE LP","url":"https:\/\/www.espacefinance.com\/133881bdd\/","logo":{"@type":"ImageObject","inLanguage":"fr-FR","@id":"https:\/\/www.espacefinance.com\/133881bdd\/#\/schema\/logo\/image\/","url":"https:\/\/www.espacefinance.com\/133881bdd\/wp-content\/uploads\/2022\/03\/LOGO-ESFI-YMANCI-022022.jpg","contentUrl":"https:\/\/www.espacefinance.com\/133881bdd\/wp-content\/uploads\/2022\/03\/LOGO-ESFI-YMANCI-022022.jpg","width":1273,"height":710,"caption":"ESPACE FINANCE LP"},"image":{"@id":"https:\/\/www.espacefinance.com\/133881bdd\/#\/schema\/logo\/image\/"},"sameAs":["https:\/\/www.facebook.com\/ymanci.credit.immobilier.assurance","https:\/\/x.com\/YMANCI_NIMES","https:\/\/www.instagram.com\/espacefinancelp_ymanci_nimes\/?hl=fr","https:\/\/www.linkedin.com\/showcase\/ymanci-nmes\/","https:\/\/www.youtube.com\/channel\/UC1PRm7p_QVdRMUaS_Hq6zwA"]},{"@type":"Person","@id":"https:\/\/www.espacefinance.com\/133881bdd\/#\/schema\/person\/738afd47cef28ce81cbfe952a2a21db4","name":"admin0525","image":{"@type":"ImageObject","inLanguage":"fr-FR","@id":"https:\/\/secure.gravatar.com\/avatar\/d8f5226374785993c9ad76a5358ce297ecd3750f6464f95f731e8e31b36160e2?s=96&d=mm&r=g","url":"https:\/\/secure.gravatar.com\/avatar\/d8f5226374785993c9ad76a5358ce297ecd3750f6464f95f731e8e31b36160e2?s=96&d=mm&r=g","contentUrl":"https:\/\/secure.gravatar.com\/avatar\/d8f5226374785993c9ad76a5358ce297ecd3750f6464f95f731e8e31b36160e2?s=96&d=mm&r=g","caption":"admin0525"},"sameAs":["http:\/\/www.espacefinance.com\/133881bdd","https:\/\/www.facebook.com\/ymanci.credit.immobilier.assurance","https:\/\/www.instagram.com\/espacefinancelp_ymanci_nimes\/?hl=fr","https:\/\/x.com\/https:\/\/twitter.com\/YMANCI_NIMES"],"knowsAbout":["Cr\u00e9dit Immobilier","Regroupement de Cr\u00e9dits","Assurance Emprunteur","Assurances du Particulier et du Professionnel"],"knowsLanguage":["Fran\u00e7ais"],"jobTitle":"Courtier","worksFor":"Espace Finance LP sas","url":"https:\/\/www.espacefinance.com\/133881bdd\/author\/admin0525\/"}]}},"_links":{"self":[{"href":"https:\/\/www.espacefinance.com\/133881bdd\/wp-json\/wp\/v2\/posts\/1313","targetHints":{"allow":["GET"]}}],"collection":[{"href":"https:\/\/www.espacefinance.com\/133881bdd\/wp-json\/wp\/v2\/posts"}],"about":[{"href":"https:\/\/www.espacefinance.com\/133881bdd\/wp-json\/wp\/v2\/types\/post"}],"author":[{"embeddable":true,"href":"https:\/\/www.espacefinance.com\/133881bdd\/wp-json\/wp\/v2\/users\/1"}],"replies":[{"embeddable":true,"href":"https:\/\/www.espacefinance.com\/133881bdd\/wp-json\/wp\/v2\/comments?post=1313"}],"version-history":[{"count":0,"href":"https:\/\/www.espacefinance.com\/133881bdd\/wp-json\/wp\/v2\/posts\/1313\/revisions"}],"wp:featuredmedia":[{"embeddable":true,"href":"https:\/\/www.espacefinance.com\/133881bdd\/wp-json\/wp\/v2\/media\/1315"}],"wp:attachment":[{"href":"https:\/\/www.espacefinance.com\/133881bdd\/wp-json\/wp\/v2\/media?parent=1313"}],"wp:term":[{"taxonomy":"category","embeddable":true,"href":"https:\/\/www.espacefinance.com\/133881bdd\/wp-json\/wp\/v2\/categories?post=1313"},{"taxonomy":"post_tag","embeddable":true,"href":"https:\/\/www.espacefinance.com\/133881bdd\/wp-json\/wp\/v2\/tags?post=1313"}],"curies":[{"name":"wp","href":"https:\/\/api.w.org\/{rel}","templated":true}]}}